{"id":513,"date":"2026-03-31T03:13:35","date_gmt":"2026-03-31T03:13:35","guid":{"rendered":"https:\/\/zeqipro.com\/our-favorite-summer-looks-light-breezy-bold\/"},"modified":"2026-06-08T03:00:10","modified_gmt":"2026-06-08T03:00:10","slug":"unsere-lieblings-sommerlooks-leicht-luftig-auffallig","status":"publish","type":"post","link":"https:\/\/www.zeqipro.com\/de\/our-favorite-summer-looks-light-breezy-bold\/","title":{"rendered":"\u201cDynamic Island\u201d wird schlanker! Mit 2-nm-Chip! Diese f\u00fcnf gro\u00dfen Verbesserungen des iPhone 18 Pro \u2013 haben die \u201eAbwartenden\u201c damit den Jackpot geknackt?"},"content":{"rendered":"<p class=\"wp-block-paragraph\">Wird Apple diesmal endlich nicht mehr so sparsam mit Informationen sein? Auch wenn es noch einige Monate bis zur Herbst-Pressekonferenz von Apple im Jahr 2026 dauert, gibt es bereits unz\u00e4hlige Ger\u00fcchte rund um die iPhone-18-Serie.<\/p>\n\n\n\n<figure class=\"wp-block-image size-full\"><img fetchpriority=\"high\" decoding=\"async\" width=\"700\" height=\"350\" src=\"https:\/\/www.zeqipro.com\/wp-content\/uploads\/2026\/06\/news18-1.webp\" alt=\"\" class=\"wp-image-2869\" srcset=\"https:\/\/www.zeqipro.com\/wp-content\/uploads\/2026\/06\/news18-1.webp 700w, https:\/\/www.zeqipro.com\/wp-content\/uploads\/2026\/06\/news18-1-300x150.webp 300w\" sizes=\"(max-width: 700px) 100vw, 700px\" \/><\/figure>\n\n\n\n<p class=\"wp-block-paragraph\"><em>Bildquelle: 9to5Mac<\/em><\/p>\n\n\n\n<p class=\"wp-block-paragraph\">Nach aktuellen Informationen aus der Lieferkette d\u00fcrfte die diesj\u00e4hrige iPhone-18-Pro-Serie die spannendste Modellgeneration der letzten f\u00fcnf Jahre werden. Nicht nur wird die seit Jahren verwendete \u201cgro\u00dfe Pille\u201d abgeschafft, sondern auch Leistung, Kamera und Akkulaufzeit werden auf ein neues Niveau gehoben. Apple hat sogar ein Klapphandy als \u201cOne More Thing\u201d in petto.<\/p>\n\n\n\n<p class=\"wp-block-paragraph\">Wenn du noch unentschlossen bist, ob du dir ein iPhone 17 zulegen oder lieber abwarten sollst, dann solltest du nach der Lekt\u00fcre dieses Artikels eine Antwort gefunden haben.<\/p>\n\n\n\n<p class=\"wp-block-paragraph\">Radikale Ver\u00e4nderung des Designs: \u201cDynamic Island\u201d ist endlich \u201eschlanker\u201c geworden, der Bildschirmanteil ist sprunghaft gestiegen<\/p>\n\n\n\n<p class=\"wp-block-paragraph\">Seit der Einf\u00fchrung von \u201cDynamic Island\u201d bei der iPhone 14 Pro-Serie ist die Interaktion zwar \u00e4u\u00dferst kreativ, doch diese \u201egro\u00dfe Pille\u201c, die die Mitte des Bildschirms einnimmt, bleibt ein optischer Makel.<\/p>\n\n\n\n<p class=\"wp-block-paragraph\">Diesmal wird beim iPhone 18 Pro endlich der \u201cDynamic Island\u201d \u00fcberarbeitet!    Laut den j\u00fcngsten durchgesickerten Daten aus der Lieferkette wird die Breite des \u201cDynamic Island\u201d bei der iPhone 18 Pro-Serie von 20,76 Millimetern in der Vorg\u00e4ngergeneration auf 13,49 Millimeter reduziert, wodurch sich die Gesamtfl\u00e4che um 35% verringert. Das bedeutet, dass aus der auff\u00e4lligen \u201egro\u00dfen Pille\u201c eine elegante, kompakte \u201ekleine Kapsel\u201c wird. Beim Spielen oder Ansehen von Filmen im Querformat wird die Bildschirmabdeckung um 41% reduziert, und der Bildschirmanteil \u00fcbersteigt direkt 96%.<\/p>\n\n\n\n<figure class=\"wp-block-image size-full\"><img decoding=\"async\" width=\"640\" height=\"544\" src=\"https:\/\/www.zeqipro.com\/wp-content\/uploads\/2026\/06\/news18-2.webp\" alt=\"\" class=\"wp-image-2870\" srcset=\"https:\/\/www.zeqipro.com\/wp-content\/uploads\/2026\/06\/news18-2.webp 640w, https:\/\/www.zeqipro.com\/wp-content\/uploads\/2026\/06\/news18-2-300x255.webp 300w\" sizes=\"(max-width: 640px) 100vw, 640px\" \/><\/figure>\n\n\n\n<p class=\"wp-block-paragraph\"><em>Bildquelle: Toutiao Digital Bage<\/em><\/p>\n\n\n\n<p class=\"wp-block-paragraph\">Die Schl\u00fcsseltechnologie, die diesen Durchbruch erm\u00f6glicht, ist genau das \u201cFace ID unter dem Display\u201d, auf das sich Apple-Fans seit Jahren gefreut haben. Apple hat Komponenten wie den Infrarot-Flutlichtsensor unter dem Display versteckt und lediglich eine winzige Aussparung f\u00fcr die Frontkamera belassen \u2013 dies ist der entscheidende Schritt von Apple in Richtung eines echten Vollbild-Displays.<\/p>\n\n\n\n<figure class=\"wp-block-image size-full\"><img decoding=\"async\" width=\"640\" height=\"677\" src=\"https:\/\/www.zeqipro.com\/wp-content\/uploads\/2026\/06\/news18-3.webp\" alt=\"\" class=\"wp-image-2871\" srcset=\"https:\/\/www.zeqipro.com\/wp-content\/uploads\/2026\/06\/news18-3.webp 640w, https:\/\/www.zeqipro.com\/wp-content\/uploads\/2026\/06\/news18-3-284x300.webp 284w\" sizes=\"(max-width: 640px) 100vw, 640px\" \/><\/figure>\n\n\n\n<p class=\"wp-block-paragraph\"><em>Bildquelle: WeChat-Kanal \u201eMan darf nicht naiv sein\u201c<\/em><\/p>\n\n\n\n<p class=\"wp-block-paragraph\">Kommentar: Auch wenn die Technologie f\u00fcr unter dem Display integrierte Kameras noch nicht ganz ausgereift ist, bedeutet die Einf\u00fchrung von Face ID unter dem Display, dass das iPhone endlich die \u00c4ra der optischen \u201cNotch\u201d hinter sich l\u00e4sst. F\u00fcr Nutzer, die ein ultimatives visuelles Erlebnis suchen, ist dies zweifellos der wichtigste Grund f\u00fcr einen Ger\u00e4tewechsel.<\/p>\n\n\n\n<h4 class=\"wp-block-heading\"><strong>Leistungssprung: 2-nm-Chip + selbst entwickelter Baseband-Chip \u2013 gibt es nun Hoffnung f\u00fcr den Empfang?<\/strong><\/h4>\n\n\n\n<p class=\"wp-block-paragraph\">Die wichtigste Verbesserung jeder iPhone-Generation ist stets der Chip, doch das iPhone 18 Pro geht diesmal etwas \u00fcber die Str\u00e4nge. Es wird mit dem A20 Pro-Chip ausgestattet sein, der im neuesten 2-nm-Fertigungsprozess von TSMC hergestellt wird. Im Vergleich zum 3-nm-Prozess der Vorg\u00e4ngergeneration wird beim 2-nm-Prozess eine Leistungssteigerung von etwa 151 TP3T erwartet, w\u00e4hrend der Stromverbrauch um bis zu 301 TP3T gesenkt werden kann. F\u00fcr Gaming-Fans und Videok\u00fcnstler bedeutet dies eine noch fl\u00fcssigere Leistung und eine l\u00e4ngere Akkulaufzeit.<\/p>\n\n\n\n<figure class=\"wp-block-image size-full\"><img loading=\"lazy\" decoding=\"async\" width=\"750\" height=\"499\" src=\"https:\/\/www.zeqipro.com\/wp-content\/uploads\/2026\/06\/news18-4.webp\" alt=\"\" class=\"wp-image-2873\" srcset=\"https:\/\/www.zeqipro.com\/wp-content\/uploads\/2026\/06\/news18-4.webp 750w, https:\/\/www.zeqipro.com\/wp-content\/uploads\/2026\/06\/news18-4-300x200.webp 300w\" sizes=\"(max-width: 750px) 100vw, 750px\" \/><\/figure>\n\n\n\n<p class=\"wp-block-paragraph\"><em>\u00a0Das Bild stammt aus dem Internet.<\/em><\/p>\n\n\n\n<p class=\"wp-block-paragraph\">Noch spannender ist, dass der von Apple selbst entwickelte C2-Baseband-Chip nun endlich in gro\u00dfem Umfang zum Einsatz kommen soll. Mit der iPhone-18-Pro-Serie k\u00f6nnte Apple seine Abh\u00e4ngigkeit von Qualcomm endg\u00fcltig hinter sich lassen. Sollten sich die Ger\u00fcchte best\u00e4tigen, d\u00fcrfte sich das seit Jahren kritisierte Problem der \u201cschlechten iPhone-Empfangsqualit\u00e4t\u201d grundlegend verbessern.<\/p>\n\n\n\n<figure class=\"wp-block-image size-full\"><img loading=\"lazy\" decoding=\"async\" width=\"600\" height=\"632\" src=\"https:\/\/www.zeqipro.com\/wp-content\/uploads\/2026\/06\/news18-5.webp\" alt=\"\" class=\"wp-image-2874\" srcset=\"https:\/\/www.zeqipro.com\/wp-content\/uploads\/2026\/06\/news18-5.webp 600w, https:\/\/www.zeqipro.com\/wp-content\/uploads\/2026\/06\/news18-5-285x300.webp 285w\" sizes=\"(max-width: 600px) 100vw, 600px\" \/><\/figure>\n\n\n\n<p class=\"wp-block-paragraph\"><em>Im Internet kursierende Schemazeichnungen zu den technischen Daten der iPhone 18 Pro-Serie und des iPhone Fold<\/em><\/p>\n\n\n\n<p class=\"wp-block-paragraph\">Erl\u00e4uterung: Die 2-nm-Chips bringen nicht nur h\u00f6here Benchmark-Werte mit sich, sondern auch einen sprunghaften Anstieg der KI-Rechenleistung; die Integration eines selbst entwickelten Basisbandchips ist zudem ein wichtiger Schritt f\u00fcr Apple, um eine zentrale Schwachstelle zu beheben.<\/p>\n\n\n\n<h4 class=\"wp-block-heading\"><strong>Innovation in der Bildgebung: Die variable Blende ist da \u2013 f\u00fcr professionellere Fotos<\/strong><\/h4>\n\n\n\n<p class=\"wp-block-paragraph\">Obwohl die Videofunktionen des iPhones seit jeher als Ma\u00dfstab in der Branche gelten, scheint Apple in Sachen Fotografie angesichts der \u201cgro\u00dfen Bildsensoren\u201d und der \u201cvariablen Blende\u201d der Android-Flaggschiffmodelle stets etwas zur\u00fcckhaltend zu sein.<strong><br><\/strong>All dies wird sich jedoch beim iPhone 18 Pro \u00e4ndern.    Laut Berichten soll die iPhone-18-Pro-Serie erstmals die Technologie der variablen Blende einf\u00fchren. Durch die Steuerung der Lichteinfallmenge mittels einer mechanischen Konstruktion k\u00f6nnen Nutzer einen nat\u00fcrlicheren Unsch\u00e4rfeeffekt in der Tiefensch\u00e4rfe erzielen, was sich insbesondere im Portr\u00e4tmodus und bei Nachtaufnahmen deutlich bemerkbar machen wird.<\/p>\n\n\n\n<figure class=\"wp-block-image size-large\"><img loading=\"lazy\" decoding=\"async\" width=\"1024\" height=\"766\" src=\"https:\/\/www.zeqipro.com\/wp-content\/uploads\/2026\/06\/news18-6-1024x766.webp\" alt=\"\" class=\"wp-image-2875\" srcset=\"https:\/\/www.zeqipro.com\/wp-content\/uploads\/2026\/06\/news18-6-1024x766.webp 1024w, https:\/\/www.zeqipro.com\/wp-content\/uploads\/2026\/06\/news18-6-300x224.webp 300w, https:\/\/www.zeqipro.com\/wp-content\/uploads\/2026\/06\/news18-6-768x575.webp 768w, https:\/\/www.zeqipro.com\/wp-content\/uploads\/2026\/06\/news18-6-800x599.webp 800w, https:\/\/www.zeqipro.com\/wp-content\/uploads\/2026\/06\/news18-6.webp 1080w\" sizes=\"(max-width: 1024px) 100vw, 1024px\" \/><\/figure>\n\n\n\n<p class=\"wp-block-paragraph\">\u00a0<em>Das Bild stammt aus dem Internet.<\/em><\/p>\n\n\n\n<p class=\"wp-block-paragraph\">Da die mechanische Konstruktion einer variablen Blende jedoch relativ viel Platz beansprucht, wird diese High-End-Funktion h\u00f6chstwahrscheinlich ausschlie\u00dflich dem iPhone 18 Pro Max vorbehalten sein. Zudem bleibt die Aufl\u00f6sung der Hauptkamera zwar bei 48 Millionen Pixeln, doch die Sensorgr\u00f6\u00dfe wird weiter vergr\u00f6\u00dfert, wodurch die Lichtmenge um 401 TP3T erh\u00f6ht wird. In Verbindung mit einem brandneuen Bildverarbeitungsalgorithmus wird die Bildqualit\u00e4t bei Standbildern erneut neue Ma\u00dfst\u00e4be setzen.<br>Anmerkung: Apple beginnt endlich, die Schw\u00e4chen bei der physischen Hardware jenseits der \u201cComputational Photography\u201d auszugleichen. Wenn Sie ein Fotografie-Fan sind, ist die Pro-Max-Version dieses Mal m\u00f6glicherweise eine \u00dcberlegung wert.<\/p>\n\n\n\n<h4 class=\"wp-block-heading\">Reichweite und Aufladen: Schluss mit der Sorge, \u201cjeden Tag aufladen zu m\u00fcssen\u201d<\/h4>\n\n\n\n<p class=\"wp-block-paragraph\">Die Akkulaufzeit war schon immer ein Problem f\u00fcr iPhone-Nutzer. Auch wenn die Akkulaufzeit des iPhone 17 Pro Max bereits sehr gut ist, hat die iPhone 18 Pro-Serie diesmal gleich das \u201cHighlight\u201d auf den Tisch gebracht.<strong>\u00a0 \u00a0 Die Akkukapazit\u00e4t des iPhone 18 Pro Max wird erstmals die 5.000-mAh-Marke \u00fcberschreiten und einen Wert von 5.000 mAh erreichen. Die Pro-Version wird zudem mit einem Stahlgeh\u00e4use-Akku mit einer Kapazit\u00e4t von etwa 4.500 mAh ausgestattet sein, der nicht nur eine hohe Kapazit\u00e4t aufweist, sondern auch ein h\u00f6heres Ma\u00df an Sicherheit bietet.<\/strong><\/p>\n\n\n\n<figure class=\"wp-block-image size-full\"><img loading=\"lazy\" decoding=\"async\" width=\"750\" height=\"421\" src=\"https:\/\/www.zeqipro.com\/wp-content\/uploads\/2026\/06\/news18-7.webp\" alt=\"\" class=\"wp-image-2876\" srcset=\"https:\/\/www.zeqipro.com\/wp-content\/uploads\/2026\/06\/news18-7.webp 750w, https:\/\/www.zeqipro.com\/wp-content\/uploads\/2026\/06\/news18-7-300x168.webp 300w\" sizes=\"(max-width: 750px) 100vw, 750px\" \/><\/figure>\n\n\n\n<p class=\"wp-block-paragraph\"><em>Das Bild stammt aus dem Internet.<\/em><\/p>\n\n\n\n<p class=\"wp-block-paragraph\">Die Ladegeschwindigkeit liegt endlich nicht mehr bei den \u201cveralteten\u201d 20 W. Ger\u00fcchten zufolge soll die iPhone-18-Serie 50-W-Schnellladen per Kabel und 30-W-Schnellladen per Induktion unterst\u00fctzen, wodurch sich der Akku in 30 Minuten zu 80% aufladen l\u00e4sst.\u00a0 \u00a0 Analyse: Dank des gro\u00dfen Akkus in Verbindung mit dem geringen Stromverbrauch des 2-nm-Chips und der endlich verbesserten Schnellladefunktion k\u00f6nnen iPhone-18-Pro-Nutzer die Angst vor einer zu kurzen Akkulaufzeit vielleicht endg\u00fcltig hinter sich lassen.<\/p>\n\n\n\n<p class=\"wp-block-paragraph\">Das ultimative Easter Egg: Kommt endlich ein iPhone mit faltbarem Display?    Neben der \u00fcblichen iPhone-18-Pro-Serie sorgt in diesem Herbst vor allem Apples brandneue Produktkategorie f\u00fcr Aufsehen \u2013 das iPhone Fold.\u00a0<\/p>\n\n\n\n<figure class=\"wp-block-image size-full\"><img loading=\"lazy\" decoding=\"async\" width=\"700\" height=\"394\" src=\"https:\/\/www.zeqipro.com\/wp-content\/uploads\/2026\/06\/news18-8.webp\" alt=\"\" class=\"wp-image-2877\" srcset=\"https:\/\/www.zeqipro.com\/wp-content\/uploads\/2026\/06\/news18-8.webp 700w, https:\/\/www.zeqipro.com\/wp-content\/uploads\/2026\/06\/news18-8-300x169.webp 300w\" sizes=\"(max-width: 700px) 100vw, 700px\" \/><\/figure>\n\n\n\n<p class=\"wp-block-paragraph\"><em>Das Bild stammt aus dem Internet.<\/em><\/p>\n\n\n\n<p class=\"wp-block-paragraph\">Dieses Smartphone mit faltbarem Display wird voraussichtlich im Buchformat gestaltet sein und \u00fcber ein 7,8-Zoll-Innen- sowie ein 5,3-Zoll-Au\u00dfen-Display verf\u00fcgen; die Dicke im aufgeklappten Zustand d\u00fcrfte unter 4,8 mm liegen. Es wird ebenfalls mit dem A20 Pro-Chip ausgestattet sein und ein Scharnier aus einer Titanlegierung verwenden, um das Problem der Falzspuren zu l\u00f6sen.<\/p>\n\n\n\n<figure class=\"wp-block-image size-large\"><img loading=\"lazy\" decoding=\"async\" width=\"1024\" height=\"512\" src=\"https:\/\/www.zeqipro.com\/wp-content\/uploads\/2026\/06\/news18-9-1024x512.webp\" alt=\"\" class=\"wp-image-2878\" srcset=\"https:\/\/www.zeqipro.com\/wp-content\/uploads\/2026\/06\/news18-9-1024x512.webp 1024w, https:\/\/www.zeqipro.com\/wp-content\/uploads\/2026\/06\/news18-9-300x150.webp 300w, https:\/\/www.zeqipro.com\/wp-content\/uploads\/2026\/06\/news18-9-768x384.webp 768w, https:\/\/www.zeqipro.com\/wp-content\/uploads\/2026\/06\/news18-9-800x400.webp 800w, https:\/\/www.zeqipro.com\/wp-content\/uploads\/2026\/06\/news18-9.webp 1080w\" sizes=\"(max-width: 1024px) 100vw, 1024px\" \/><\/figure>\n\n\n\n<p class=\"wp-block-paragraph\"><em>Bildquelle: 9to5Mac<\/em><\/p>\n\n\n\n<p class=\"wp-block-paragraph\">Bemerkenswert ist, dass das iPhone Fold zugunsten einer schlankeren Bauweise m\u00f6glicherweise auf Face ID verzichten und stattdessen eine Touch-ID-Entsperrung an der Seite verwenden wird.<\/p>\n\n\n\n<p class=\"wp-block-paragraph\">Kaufempfehlung: Soll man warten?    Und schlie\u00dflich das, was alle am meisten interessiert: Soll man jetzt das iPhone 17 kaufen oder auf das iPhone 18 warten?    Wenn Sie ein iPhone 14 Pro oder ein \u00e4lteres Modell besitzen, lohnt es sich, auf das iPhone 18 Pro zu warten. Ein 2-nm-Chip, Face ID unter dem Display, ein verkleinertes Dynamic Island und ein gro\u00dfer Akku \u2013 die Verbesserungen dieser Generation sind in der Tat enorm.<\/p>\n\n\n\n<figure class=\"wp-block-image size-large\"><img loading=\"lazy\" decoding=\"async\" width=\"1024\" height=\"641\" src=\"https:\/\/www.zeqipro.com\/wp-content\/uploads\/2026\/06\/news18-10-1024x641.webp\" alt=\"\" class=\"wp-image-2879\" srcset=\"https:\/\/www.zeqipro.com\/wp-content\/uploads\/2026\/06\/news18-10-1024x641.webp 1024w, https:\/\/www.zeqipro.com\/wp-content\/uploads\/2026\/06\/news18-10-300x188.webp 300w, https:\/\/www.zeqipro.com\/wp-content\/uploads\/2026\/06\/news18-10-768x481.webp 768w, https:\/\/www.zeqipro.com\/wp-content\/uploads\/2026\/06\/news18-10-800x501.webp 800w, https:\/\/www.zeqipro.com\/wp-content\/uploads\/2026\/06\/news18-10.webp 1080w\" sizes=\"(max-width: 1024px) 100vw, 1024px\" \/><\/figure>\n\n\n\n<p class=\"wp-block-paragraph\"><em>Das Bild stammt aus dem Internet.<\/em><\/p>\n\n\n\n<p class=\"wp-block-paragraph\">Wenn Sie ein iPhone 17 Pro besitzen, sind zwar deutliche Leistungssteigerungen zu verzeichnen, doch in der praktischen Nutzung liegen die Hauptunterschiede wahrscheinlich im ansprechenden Design der Vorderseite und im besseren Empfang. Ob sich ein Upgrade lohnt, h\u00e4ngt davon ab, wie wichtig Ihnen diese Aspekte sind.<\/p>\n\n\n\n<p class=\"wp-block-paragraph\">Den aktuellen Ger\u00fcchten zufolge wird 2026 ein gro\u00dfes Jahr f\u00fcr die Apple-Produktpalette. Nicht nur die regul\u00e4ren Flaggschiff-Modelle werden grundlegend \u00fcberarbeitet, auch die Einf\u00fchrung von Falt-Smartphones wird den High-End-Markt aufmischen. Da stellt sich die Frage: Soll man sich f\u00fcr das ausgereifte iPhone 18 Pro entscheiden oder lieber das brandneue iPhone Fold ausprobieren?<\/p>","protected":false},"excerpt":{"rendered":"<p>\u8fd9\u6b21\uff0c\u82f9\u679c\u7ec8\u4e8e\u4e0d\u6324\u7259\u818f\u4e86\uff1f\u968f\u7740\u65f6\u95f4\u8fdb\u51652 [&hellip;]<\/p>\n","protected":false},"author":1,"featured_media":2877,"comment_status":"closed","ping_status":"closed","sticky":false,"template":"","format":"standard","meta":{"_uag_custom_page_level_css":"","site-sidebar-layout":"default","site-content-layout":"","ast-site-content-layout":"default","site-content-style":"default","site-sidebar-style":"default","ast-global-header-display":"","ast-banner-title-visibility":"","ast-main-header-display":"","ast-hfb-above-header-display":"","ast-hfb-below-header-display":"","ast-hfb-mobile-header-display":"","site-post-title":"","ast-breadcrumbs-content":"","ast-featured-img":"","footer-sml-layout":"","ast-disable-related-posts":"","theme-transparent-header-meta":"","adv-header-id-meta":"","stick-header-meta":"","header-above-stick-meta":"","header-main-stick-meta":"","header-below-stick-meta":"","astra-migrate-meta-layouts":"default","ast-page-background-enabled":"default","ast-page-background-meta":{"desktop":{"background-color":"var(--ast-global-color-5)","background-image":"","background-repeat":"repeat","background-position":"center center","background-size":"auto","background-attachment":"scroll","background-type":"","background-media":"","overlay-type":"","overlay-color":"","overlay-opacity":"","overlay-gradient":""},"tablet":{"background-color":"","background-image":"","background-repeat":"repeat","background-position":"center center","background-size":"auto","background-attachment":"scroll","background-type":"","background-media":"","overlay-type":"","overlay-color":"","overlay-opacity":"","overlay-gradient":""},"mobile":{"background-color":"","background-image":"","background-repeat":"repeat","background-position":"center center","background-size":"auto","background-attachment":"scroll","background-type":"","background-media":"","overlay-type":"","overlay-color":"","overlay-opacity":"","overlay-gradient":""}},"ast-content-background-meta":{"desktop":{"background-color":"var(--ast-global-color-4)","background-image":"","background-repeat":"repeat","background-position":"center center","background-size":"auto","background-attachment":"scroll","background-type":"","background-media":"","overlay-type":"","overlay-color":"","overlay-opacity":"","overlay-gradient":""},"tablet":{"background-color":"var(--ast-global-color-4)","background-image":"","background-repeat":"repeat","background-position":"center center","background-size":"auto","background-attachment":"scroll","background-type":"","background-media":"","overlay-type":"","overlay-color":"","overlay-opacity":"","overlay-gradient":""},"mobile":{"background-color":"var(--ast-global-color-4)","background-image":"","background-repeat":"repeat","background-position":"center center","background-size":"auto","background-attachment":"scroll","background-type":"","background-media":"","overlay-type":"","overlay-color":"","overlay-opacity":"","overlay-gradient":""}},"footnotes":""},"categories":[25],"tags":[],"class_list":["post-513","post","type-post","status-publish","format-standard","has-post-thumbnail","hentry","category-industry-news"],"spectra_custom_meta":{"_thumbnail_id":["2877"],"_yoast_wpseo_content_score":["90"],"_yoast_wpseo_estimated-reading-time-minutes":["2"],"_astra_sites_imported_post":["1"],"_astra_sites_enable_for_batch":["1"],"_edit_last":["1"],"_wp_page_template":["default"],"_uagb_previous_block_counts":["a:90:{s:21:\"uagb\/advanced-heading\";i:0;s:15:\"uagb\/blockquote\";i:0;s:12:\"uagb\/buttons\";i:0;s:18:\"uagb\/buttons-child\";i:0;s:19:\"uagb\/call-to-action\";i:0;s:15:\"uagb\/cf7-styler\";i:0;s:11:\"uagb\/column\";i:0;s:12:\"uagb\/columns\";i:0;s:14:\"uagb\/container\";i:0;s:21:\"uagb\/content-timeline\";i:0;s:27:\"uagb\/content-timeline-child\";i:0;s:14:\"uagb\/countdown\";i:0;s:12:\"uagb\/counter\";i:0;s:8:\"uagb\/faq\";i:0;s:14:\"uagb\/faq-child\";i:0;s:10:\"uagb\/forms\";i:0;s:17:\"uagb\/forms-accept\";i:0;s:19:\"uagb\/forms-checkbox\";i:0;s:15:\"uagb\/forms-date\";i:0;s:16:\"uagb\/forms-email\";i:0;s:17:\"uagb\/forms-hidden\";i:0;s:15:\"uagb\/forms-name\";i:0;s:16:\"uagb\/forms-phone\";i:0;s:16:\"uagb\/forms-radio\";i:0;s:17:\"uagb\/forms-select\";i:0;s:19:\"uagb\/forms-textarea\";i:0;s:17:\"uagb\/forms-toggle\";i:0;s:14:\"uagb\/forms-url\";i:0;s:14:\"uagb\/gf-styler\";i:0;s:15:\"uagb\/google-map\";i:0;s:11:\"uagb\/how-to\";i:0;s:16:\"uagb\/how-to-step\";i:0;s:9:\"uagb\/icon\";i:0;s:14:\"uagb\/icon-list\";i:0;s:20:\"uagb\/icon-list-child\";i:0;s:10:\"uagb\/image\";i:0;s:18:\"uagb\/image-gallery\";i:0;s:13:\"uagb\/info-box\";i:0;s:18:\"uagb\/inline-notice\";i:0;s:11:\"uagb\/lottie\";i:0;s:21:\"uagb\/marketing-button\";i:0;s:10:\"uagb\/modal\";i:0;s:18:\"uagb\/popup-builder\";i:0;s:16:\"uagb\/post-button\";i:0;s:18:\"uagb\/post-carousel\";i:0;s:17:\"uagb\/post-excerpt\";i:0;s:14:\"uagb\/post-grid\";i:0;s:15:\"uagb\/post-image\";i:0;s:17:\"uagb\/post-masonry\";i:0;s:14:\"uagb\/post-meta\";i:0;s:18:\"uagb\/post-taxonomy\";i:0;s:18:\"uagb\/post-timeline\";i:0;s:15:\"uagb\/post-title\";i:0;s:20:\"uagb\/restaurant-menu\";i:0;s:26:\"uagb\/restaurant-menu-child\";i:0;s:11:\"uagb\/review\";i:0;s:12:\"uagb\/section\";i:0;s:14:\"uagb\/separator\";i:0;s:11:\"uagb\/slider\";i:0;s:17:\"uagb\/slider-child\";i:0;s:17:\"uagb\/social-share\";i:0;s:23:\"uagb\/social-share-child\";i:0;s:16:\"uagb\/star-rating\";i:0;s:23:\"uagb\/sure-cart-checkout\";i:0;s:22:\"uagb\/sure-cart-product\";i:0;s:15:\"uagb\/sure-forms\";i:0;s:22:\"uagb\/table-of-contents\";i:0;s:9:\"uagb\/tabs\";i:0;s:15:\"uagb\/tabs-child\";i:0;s:18:\"uagb\/taxonomy-list\";i:0;s:9:\"uagb\/team\";i:0;s:16:\"uagb\/testimonial\";i:0;s:14:\"uagb\/wp-search\";i:0;s:19:\"uagb\/instagram-feed\";i:0;s:10:\"uagb\/login\";i:0;s:17:\"uagb\/loop-builder\";i:0;s:18:\"uagb\/loop-category\";i:0;s:20:\"uagb\/loop-pagination\";i:0;s:15:\"uagb\/loop-reset\";i:0;s:16:\"uagb\/loop-search\";i:0;s:14:\"uagb\/loop-sort\";i:0;s:17:\"uagb\/loop-wrapper\";i:0;s:13:\"uagb\/register\";i:0;s:19:\"uagb\/register-email\";i:0;s:24:\"uagb\/register-first-name\";i:0;s:23:\"uagb\/register-last-name\";i:0;s:22:\"uagb\/register-password\";i:0;s:30:\"uagb\/register-reenter-password\";i:0;s:19:\"uagb\/register-terms\";i:0;s:22:\"uagb\/register-username\";i:0;}"],"_edit_lock":["1780887610:1"],"_elementor_global_class_usage_indexed":["1"],"_wp_old_date":["2026-03-13"],"_uag_css_file_name":["uag-css-513.css"],"_uag_page_assets":["a:9:{s:3:\"css\";s:0:\"\";s:2:\"js\";s:0:\"\";s:18:\"current_block_list\";a:9:{i:0;s:14:\"core\/paragraph\";i:1;s:10:\"core\/image\";i:2;s:12:\"core\/heading\";i:3;s:11:\"core\/search\";i:4;s:10:\"core\/group\";i:5;s:17:\"core\/latest-posts\";i:6;s:20:\"core\/latest-comments\";i:7;s:13:\"core\/archives\";i:8;s:15:\"core\/categories\";}s:8:\"uag_flag\";b:0;s:11:\"uag_version\";s:10:\"1787995533\";s:6:\"gfonts\";a:0:{}s:10:\"gfonts_url\";s:0:\"\";s:12:\"gfonts_files\";a:0:{}s:14:\"uag_faq_layout\";b:0;}"],"_elementor_page_assets":["a:0:{}"]},"uagb_featured_image_src":{"full":["https:\/\/www.zeqipro.com\/wp-content\/uploads\/2026\/06\/news18-8.webp",700,394,false],"thumbnail":["https:\/\/www.zeqipro.com\/wp-content\/uploads\/2026\/06\/news18-8-150x150.webp",150,150,true],"medium":["https:\/\/www.zeqipro.com\/wp-content\/uploads\/2026\/06\/news18-8-300x169.webp",300,169,true],"medium_large":["https:\/\/www.zeqipro.com\/wp-content\/uploads\/2026\/06\/news18-8.webp",700,394,false],"large":["https:\/\/www.zeqipro.com\/wp-content\/uploads\/2026\/06\/news18-8.webp",700,394,false],"1536x1536":["https:\/\/www.zeqipro.com\/wp-content\/uploads\/2026\/06\/news18-8.webp",700,394,false],"2048x2048":["https:\/\/www.zeqipro.com\/wp-content\/uploads\/2026\/06\/news18-8.webp",700,394,false],"trp-custom-language-flag":["https:\/\/www.zeqipro.com\/wp-content\/uploads\/2026\/06\/news18-8.webp",18,10,false],"woocommerce_thumbnail":["https:\/\/www.zeqipro.com\/wp-content\/uploads\/2026\/06\/news18-8-600x394.webp",600,394,true],"woocommerce_single":["https:\/\/www.zeqipro.com\/wp-content\/uploads\/2026\/06\/news18-8.webp",700,394,false],"woocommerce_gallery_thumbnail":["https:\/\/www.zeqipro.com\/wp-content\/uploads\/2026\/06\/news18-8-100x100.webp",100,100,true]},"uagb_author_info":{"display_name":"contact@gwsz.com","author_link":"https:\/\/www.zeqipro.com\/de\/author\/contactgwsz-com\/"},"uagb_comment_info":0,"uagb_excerpt":"\u8fd9\u6b21\uff0c\u82f9\u679c\u7ec8\u4e8e\u4e0d\u6324\u7259\u818f\u4e86\uff1f\u968f\u7740\u65f6\u95f4\u8fdb\u51652 [&hellip;]","_links":{"self":[{"href":"https:\/\/www.zeqipro.com\/de\/wp-json\/wp\/v2\/posts\/513","targetHints":{"allow":["GET"]}}],"collection":[{"href":"https:\/\/www.zeqipro.com\/de\/wp-json\/wp\/v2\/posts"}],"about":[{"href":"https:\/\/www.zeqipro.com\/de\/wp-json\/wp\/v2\/types\/post"}],"author":[{"embeddable":true,"href":"https:\/\/www.zeqipro.com\/de\/wp-json\/wp\/v2\/users\/1"}],"replies":[{"embeddable":true,"href":"https:\/\/www.zeqipro.com\/de\/wp-json\/wp\/v2\/comments?post=513"}],"version-history":[{"count":2,"href":"https:\/\/www.zeqipro.com\/de\/wp-json\/wp\/v2\/posts\/513\/revisions"}],"predecessor-version":[{"id":2880,"href":"https:\/\/www.zeqipro.com\/de\/wp-json\/wp\/v2\/posts\/513\/revisions\/2880"}],"wp:featuredmedia":[{"embeddable":true,"href":"https:\/\/www.zeqipro.com\/de\/wp-json\/wp\/v2\/media\/2877"}],"wp:attachment":[{"href":"https:\/\/www.zeqipro.com\/de\/wp-json\/wp\/v2\/media?parent=513"}],"wp:term":[{"taxonomy":"category","embeddable":true,"href":"https:\/\/www.zeqipro.com\/de\/wp-json\/wp\/v2\/categories?post=513"},{"taxonomy":"post_tag","embeddable":true,"href":"https:\/\/www.zeqipro.com\/de\/wp-json\/wp\/v2\/tags?post=513"}],"curies":[{"name":"wp","href":"https:\/\/api.w.org\/{rel}","templated":true}]}}