{"id":500,"date":"2025-07-30T03:13:00","date_gmt":"2025-07-30T03:13:00","guid":{"rendered":"https:\/\/zeqipro.com\/5-must-have-staples-for-a-capsule-wardrobe\/"},"modified":"2026-06-08T03:02:27","modified_gmt":"2026-06-08T03:02:27","slug":"resumen-definitivo-de-la-serie-iphone-17-cuatro-modelos-diez-innovaciones-en-la-historia-de-apple","status":"publish","type":"post","link":"https:\/\/www.zeqipro.com\/es\/iphone-17%e7%b3%bb%e5%88%97%e7%bb%88%e6%9e%81%e6%b1%87%e6%80%bb%ef%bc%9a%e5%9b%9b%e5%a4%a7%e6%9c%ba%e5%9e%8b%e3%80%81%e5%8d%81%e5%a4%a7%e9%9d%a9%e6%96%b0%ef%bc%8c%e8%8b%b9%e6%9e%9c%e5%8f%b2%e4%b8%8a\/","title":{"rendered":"Resumen definitivo de la serie iPhone 17: cuatro modelos, diez innovaciones, \u00a1la mayor transformaci\u00f3n en la historia de Apple!"},"content":{"rendered":"<figure class=\"wp-block-image size-large\"><img fetchpriority=\"high\" decoding=\"async\" width=\"1024\" height=\"576\" src=\"https:\/\/www.zeqipro.com\/wp-content\/uploads\/2026\/05\/news-iPhone17-1-1024x576.webp\" alt=\"\" class=\"wp-image-1845\" srcset=\"https:\/\/www.zeqipro.com\/wp-content\/uploads\/2026\/05\/news-iPhone17-1-1024x576.webp 1024w, https:\/\/www.zeqipro.com\/wp-content\/uploads\/2026\/05\/news-iPhone17-1-800x450.webp 800w, https:\/\/www.zeqipro.com\/wp-content\/uploads\/2026\/05\/news-iPhone17-1-300x169.webp 300w, https:\/\/www.zeqipro.com\/wp-content\/uploads\/2026\/05\/news-iPhone17-1-768x432.webp 768w, https:\/\/www.zeqipro.com\/wp-content\/uploads\/2026\/05\/news-iPhone17-1.webp 1080w\" sizes=\"(max-width: 1024px) 100vw, 1024px\" \/><\/figure>\n\n\n\n<p class=\"wp-block-paragraph\">A poco m\u00e1s de un mes de la presentaci\u00f3n de oto\u00f1o de Apple, el misterio que envuelve a la serie iPhone 17 se va desvelando poco a poco. Como primera serie insignia de Apple que se lanzar\u00e1 con cuatro modelos simult\u00e1neamente, el alcance de sus cambios supera con creces lo imaginable: desde la reestructuraci\u00f3n de la gama de productos hasta la revoluci\u00f3n en los materiales, pasando por el salto cualitativo en la fotograf\u00eda y las innovaciones en la interacci\u00f3n, cada cambio aborda directamente los principales puntos d\u00e9biles de la experiencia del usuario.<\/p>\n\n\n\n<p class=\"wp-block-paragraph\"><strong>I. Gran reorganizaci\u00f3n de la gama de productos: la serie Plus se despide y la serie Air hace su entrada<\/strong><\/p>\n\n\n\n<p class=\"wp-block-paragraph\"><strong>La serie iPhone 17 reestructura por completo la gama de productos<\/strong>, que por primera vez abarca todos los segmentos de precios con cuatro modelos:<\/p>\n\n\n\n<p class=\"wp-block-paragraph\">\u2022&nbsp;<strong>iPhone 17 (versi\u00f3n est\u00e1ndar)<\/strong>: Pantalla de 6,3 pulgadas, considerada la mejor opci\u00f3n en relaci\u00f3n calidad-precio; precio de salida previsto (5.999 \u00a5)<\/p>\n\n\n\n<p class=\"wp-block-paragraph\">\u2022\u00a0<strong>iPhone 17 Air (nueva incorporaci\u00f3n)<\/strong>: Dise\u00f1o ultradelgado de 5,5 mm,<strong>El m\u00f3vil m\u00e1s fino de la historia de Apple<\/strong>, sustituyendo al segmento de la serie Plus<\/p>\n\n\n\n<figure class=\"wp-block-image size-large\"><img decoding=\"async\" width=\"1024\" height=\"573\" src=\"https:\/\/www.zeqipro.com\/wp-content\/uploads\/2026\/05\/news-iPhone17-2-1024x573.webp\" alt=\"\" class=\"wp-image-1844\" srcset=\"https:\/\/www.zeqipro.com\/wp-content\/uploads\/2026\/05\/news-iPhone17-2-1024x573.webp 1024w, https:\/\/www.zeqipro.com\/wp-content\/uploads\/2026\/05\/news-iPhone17-2-800x447.webp 800w, https:\/\/www.zeqipro.com\/wp-content\/uploads\/2026\/05\/news-iPhone17-2-300x168.webp 300w, https:\/\/www.zeqipro.com\/wp-content\/uploads\/2026\/05\/news-iPhone17-2-768x430.webp 768w, https:\/\/www.zeqipro.com\/wp-content\/uploads\/2026\/05\/news-iPhone17-2.webp 1080w\" sizes=\"(max-width: 1024px) 100vw, 1024px\" \/><\/figure>\n\n\n\n<p class=\"wp-block-paragraph\">\u2022\u00a0<strong>iPhone 17 Pro<\/strong>: Un modelo insignia profesional de 6,3 pulgadas, que incorpora por primera vez<strong>Sistema de triple c\u00e1mara con un total de 48 millones de p\u00edxeles<\/strong><\/p>\n\n\n\n<figure class=\"wp-block-image size-full\"><img decoding=\"async\" width=\"1022\" height=\"662\" src=\"https:\/\/www.zeqipro.com\/wp-content\/uploads\/2026\/05\/news-iPhone17-3.webp\" alt=\"\" class=\"wp-image-1843\" srcset=\"https:\/\/www.zeqipro.com\/wp-content\/uploads\/2026\/05\/news-iPhone17-3.webp 1022w, https:\/\/www.zeqipro.com\/wp-content\/uploads\/2026\/05\/news-iPhone17-3-800x518.webp 800w, https:\/\/www.zeqipro.com\/wp-content\/uploads\/2026\/05\/news-iPhone17-3-300x194.webp 300w, https:\/\/www.zeqipro.com\/wp-content\/uploads\/2026\/05\/news-iPhone17-3-768x497.webp 768w\" sizes=\"(max-width: 1022px) 100vw, 1022px\" \/><\/figure>\n\n\n\n<p class=\"wp-block-paragraph\">\u2022\u00a0<strong>iPhone 17 Pro Max<\/strong>: El rey de los m\u00f3viles con pantalla gigante de 6,9 pulgadas, capacidad de la bater\u00eda<strong>Supera los 5000 mAh<\/strong>Un hito hist\u00f3rico<\/p>\n\n\n\n<figure class=\"wp-block-image size-full\"><img loading=\"lazy\" decoding=\"async\" width=\"914\" height=\"594\" src=\"https:\/\/www.zeqipro.com\/wp-content\/uploads\/2026\/05\/news-iPhone17-4.webp\" alt=\"\" class=\"wp-image-1842\" srcset=\"https:\/\/www.zeqipro.com\/wp-content\/uploads\/2026\/05\/news-iPhone17-4.webp 914w, https:\/\/www.zeqipro.com\/wp-content\/uploads\/2026\/05\/news-iPhone17-4-800x520.webp 800w, https:\/\/www.zeqipro.com\/wp-content\/uploads\/2026\/05\/news-iPhone17-4-300x195.webp 300w, https:\/\/www.zeqipro.com\/wp-content\/uploads\/2026\/05\/news-iPhone17-4-768x499.webp 768w\" sizes=\"(max-width: 914px) 100vw, 914px\" \/><\/figure>\n\n\n\n<p class=\"wp-block-paragraph\">Este cambio rompe por completo con la tradicional dicotom\u00eda entre la \u201cserie Digital\u201d y la \u00abserie Pro\u00bb,<strong>La incorporaci\u00f3n de Air ha cubierto un vac\u00edo en el mercado de los dispositivos insignia ligeros y finos<\/strong><\/p>\n\n\n\n<p class=\"wp-block-paragraph\"><strong>II. La revoluci\u00f3n de las pantallas: llega la era de las altas frecuencias de actualizaci\u00f3n en toda la gama<\/strong><\/p>\n\n\n\n<p class=\"wp-block-paragraph\">La pantalla es uno de los \u00e1mbitos en los que se han producido las mejoras m\u00e1s radicales en esta generaci\u00f3n:<\/p>\n\n\n\n<p class=\"wp-block-paragraph\">\u2022&nbsp;<strong>120 Hz en toda la gama<\/strong>: La versi\u00f3n est\u00e1ndar incorpora por primera vez una pantalla de alta frecuencia de actualizaci\u00f3n (no ProMotion), mientras que la versi\u00f3n Pro mantiene la frecuencia de actualizaci\u00f3n adaptativa.<\/p>\n\n\n\n<figure class=\"wp-block-image size-full\"><img loading=\"lazy\" decoding=\"async\" width=\"1024\" height=\"652\" src=\"https:\/\/www.zeqipro.com\/wp-content\/uploads\/2026\/05\/news-iPhone17-5.webp\" alt=\"\" class=\"wp-image-1841\" srcset=\"https:\/\/www.zeqipro.com\/wp-content\/uploads\/2026\/05\/news-iPhone17-5.webp 1024w, https:\/\/www.zeqipro.com\/wp-content\/uploads\/2026\/05\/news-iPhone17-5-800x509.webp 800w, https:\/\/www.zeqipro.com\/wp-content\/uploads\/2026\/05\/news-iPhone17-5-300x191.webp 300w, https:\/\/www.zeqipro.com\/wp-content\/uploads\/2026\/05\/news-iPhone17-5-768x489.webp 768w\" sizes=\"(max-width: 1024px) 100vw, 1024px\" \/><\/figure>\n\n\n\n<p class=\"wp-block-paragraph\">\u2022&nbsp;<strong>Pantalla con marcos ultradelgados y cobertura total<\/strong>: Toda la gama presenta un dise\u00f1o con marcos m\u00e1s compactos,<strong>El modelo b\u00e1sico alcanza por primera vez un porcentaje de pantalla propio de la gama Pro<\/strong><\/p>\n\n\n\n<p class=\"wp-block-paragraph\">\u2022&nbsp;<strong>Interacci\u00f3n con Dynamic Island 2.0<\/strong>: En consonancia con el sistema iOS 26, se ha redise\u00f1ado la l\u00f3gica de las notificaciones y del cambio de aplicaciones, y la precisi\u00f3n de los orificios alcanza los 0,1 mm.<\/p>\n\n\n\n<figure class=\"wp-block-image size-large\"><img loading=\"lazy\" decoding=\"async\" width=\"1024\" height=\"705\" src=\"https:\/\/www.zeqipro.com\/wp-content\/uploads\/2026\/05\/news-iPhone17-6-1024x705.webp\" alt=\"\" class=\"wp-image-1840\" srcset=\"https:\/\/www.zeqipro.com\/wp-content\/uploads\/2026\/05\/news-iPhone17-6-1024x705.webp 1024w, https:\/\/www.zeqipro.com\/wp-content\/uploads\/2026\/05\/news-iPhone17-6-800x551.webp 800w, https:\/\/www.zeqipro.com\/wp-content\/uploads\/2026\/05\/news-iPhone17-6-300x207.webp 300w, https:\/\/www.zeqipro.com\/wp-content\/uploads\/2026\/05\/news-iPhone17-6-768x529.webp 768w, https:\/\/www.zeqipro.com\/wp-content\/uploads\/2026\/05\/news-iPhone17-6.webp 1080w\" sizes=\"(max-width: 1024px) 100vw, 1024px\" \/><\/figure>\n\n\n\n<p class=\"wp-block-paragraph\">\u2022\u00a0<strong>Revestimiento antirreflectante (exclusivo de Pro)<\/strong>: Es posible que se incorpore un cristal con textura nanom\u00e9trica similar al del MacBook, lo que reducir\u00eda considerablemente las molestias causadas por la luz intensa.<\/p>\n\n\n\n<figure class=\"wp-block-image size-large\"><img loading=\"lazy\" decoding=\"async\" width=\"1024\" height=\"539\" src=\"https:\/\/www.zeqipro.com\/wp-content\/uploads\/2026\/05\/news-iPhone17-7-1024x539.webp\" alt=\"\" class=\"wp-image-1839\" srcset=\"https:\/\/www.zeqipro.com\/wp-content\/uploads\/2026\/05\/news-iPhone17-7-1024x539.webp 1024w, https:\/\/www.zeqipro.com\/wp-content\/uploads\/2026\/05\/news-iPhone17-7-800x421.webp 800w, https:\/\/www.zeqipro.com\/wp-content\/uploads\/2026\/05\/news-iPhone17-7-300x158.webp 300w, https:\/\/www.zeqipro.com\/wp-content\/uploads\/2026\/05\/news-iPhone17-7-768x404.webp 768w, https:\/\/www.zeqipro.com\/wp-content\/uploads\/2026\/05\/news-iPhone17-7.webp 1080w\" sizes=\"(max-width: 1024px) 100vw, 1024px\" \/><\/figure>\n\n\n\n<p class=\"wp-block-paragraph\">La inmersi\u00f3n visual ya no es un privilegio exclusivo de la serie Pro,<strong>Los usuarios principiantes disfrutan por primera vez de una experiencia visual de gama alta<\/strong>\u3002<\/p>\n\n\n\n<p class=\"wp-block-paragraph\"><strong>III. Avances en el rendimiento: una nueva evoluci\u00f3n en el proceso de fabricaci\u00f3n de chips<\/strong><\/p>\n\n\n\n<p class=\"wp-block-paragraph\">La arquitectura de los procesadores da un paso clave:<\/p>\n\n\n\n<p class=\"wp-block-paragraph\">\u2022&nbsp;<strong>Estrategia de doble chip<\/strong>: El 17\/17 Air lleva el A19, mientras que el 17 Pro y el 17 Pro Max llevan el A19 Pro<\/p>\n\n\n\n<p class=\"wp-block-paragraph\">\u2022&nbsp;<strong>Proceso N3P de 3 nm de TSMC<\/strong>: A igual consumo energ\u00e9tico, el rendimiento aumenta en 51 TP3T; a igual rendimiento, el consumo energ\u00e9tico se reduce entre 51 TP3T y 101 TP3T.<\/p>\n\n\n\n<p class=\"wp-block-paragraph\">\u2022&nbsp;<strong>Gran mejora de la memoria<\/strong>: Equipamiento de los modelos Pro y Air<strong>12 GB de RAM<\/strong>, con una mejora de 501 TP3T respecto a la generaci\u00f3n anterior, lo que potencia la multitarea y el procesamiento de IA<\/p>\n\n\n\n<figure class=\"wp-block-image size-large\"><img loading=\"lazy\" decoding=\"async\" width=\"1024\" height=\"790\" src=\"https:\/\/www.zeqipro.com\/wp-content\/uploads\/2026\/05\/news-iPhone17-8-1024x790.webp\" alt=\"\" class=\"wp-image-1838\" srcset=\"https:\/\/www.zeqipro.com\/wp-content\/uploads\/2026\/05\/news-iPhone17-8-1024x790.webp 1024w, https:\/\/www.zeqipro.com\/wp-content\/uploads\/2026\/05\/news-iPhone17-8-800x617.webp 800w, https:\/\/www.zeqipro.com\/wp-content\/uploads\/2026\/05\/news-iPhone17-8-300x231.webp 300w, https:\/\/www.zeqipro.com\/wp-content\/uploads\/2026\/05\/news-iPhone17-8-768x592.webp 768w, https:\/\/www.zeqipro.com\/wp-content\/uploads\/2026\/05\/news-iPhone17-8.webp 1080w\" sizes=\"(max-width: 1024px) 100vw, 1024px\" \/><\/figure>\n\n\n\n<p class=\"wp-block-paragraph\">\u2022\u00a0<strong>Innovaciones en los sistemas de refrigeraci\u00f3n<\/strong>: La versi\u00f3n Pro podr\u00eda adoptar<strong>T\u00e9cnica de refrigeraci\u00f3n con placa de distribuci\u00f3n uniforme del calor<\/strong>, resolver el problema del sobrecalentamiento y la reducci\u00f3n de la frecuencia en entornos de alto rendimiento<\/p>\n\n\n\n<figure class=\"wp-block-image size-full\"><img loading=\"lazy\" decoding=\"async\" width=\"744\" height=\"856\" src=\"https:\/\/www.zeqipro.com\/wp-content\/uploads\/2026\/05\/news-iPhone17-9.webp\" alt=\"\" class=\"wp-image-1837\" srcset=\"https:\/\/www.zeqipro.com\/wp-content\/uploads\/2026\/05\/news-iPhone17-9.webp 744w, https:\/\/www.zeqipro.com\/wp-content\/uploads\/2026\/05\/news-iPhone17-9-261x300.webp 261w, https:\/\/www.zeqipro.com\/wp-content\/uploads\/2026\/05\/news-iPhone17-9-600x690.webp 600w\" sizes=\"(max-width: 744px) 100vw, 744px\" \/><\/figure>\n\n\n\n<p class=\"wp-block-paragraph\"><strong>IV. Reconstrucci\u00f3n de im\u00e1genes: herramientas de creaci\u00f3n de nivel profesional<\/strong><\/p>\n\n\n\n<p class=\"wp-block-paragraph\">El sistema de c\u00e1maras ha experimentado una mejora espectacular:<\/p>\n\n\n\n<p class=\"wp-block-paragraph\">\u2022&nbsp;<strong>C\u00e1mara frontal de 24 millones de p\u00edxeles en toda la gama<\/strong>: La calidad de los selfies se duplica, lo que facilita a\u00fan m\u00e1s la creaci\u00f3n de vlogs<\/p>\n\n\n\n<figure class=\"wp-block-image size-full\"><img loading=\"lazy\" decoding=\"async\" width=\"1000\" height=\"555\" src=\"https:\/\/www.zeqipro.com\/wp-content\/uploads\/2026\/05\/news-iPhone17-10.webp\" alt=\"\" class=\"wp-image-1836\" srcset=\"https:\/\/www.zeqipro.com\/wp-content\/uploads\/2026\/05\/news-iPhone17-10.webp 1000w, https:\/\/www.zeqipro.com\/wp-content\/uploads\/2026\/05\/news-iPhone17-10-800x444.webp 800w, https:\/\/www.zeqipro.com\/wp-content\/uploads\/2026\/05\/news-iPhone17-10-300x167.webp 300w, https:\/\/www.zeqipro.com\/wp-content\/uploads\/2026\/05\/news-iPhone17-10-768x426.webp 768w\" sizes=\"(max-width: 1000px) 100vw, 1000px\" \/><\/figure>\n\n\n\n<p class=\"wp-block-paragraph\">\u2022&nbsp;<strong>Serie Pro con triple c\u00e1mara de 48 millones de p\u00edxeles<\/strong>: C\u00e1mara principal, ultra gran angular y teleobjetivo, todas con alta resoluci\u00f3n; el primer modelo de Apple con alta resoluci\u00f3n en todas sus c\u00e1maras<\/p>\n\n\n\n<p class=\"wp-block-paragraph\">\u2022&nbsp;<strong>Zoom \u00f3ptico de 8x<\/strong>: El objetivo de largo alcance admite un rango focal continuo de 85 mm a 160 mm,<strong>Tecnolog\u00eda de cambio din\u00e1mico de distancia focal<\/strong>Adi\u00f3s a las diferencias en la calidad de imagen<\/p>\n\n\n\n<figure class=\"wp-block-image size-large\"><img loading=\"lazy\" decoding=\"async\" width=\"1024\" height=\"639\" src=\"https:\/\/www.zeqipro.com\/wp-content\/uploads\/2026\/05\/news-iPhone17-11-1024x639.webp\" alt=\"\" class=\"wp-image-1835\" srcset=\"https:\/\/www.zeqipro.com\/wp-content\/uploads\/2026\/05\/news-iPhone17-11-1024x639.webp 1024w, https:\/\/www.zeqipro.com\/wp-content\/uploads\/2026\/05\/news-iPhone17-11-800x499.webp 800w, https:\/\/www.zeqipro.com\/wp-content\/uploads\/2026\/05\/news-iPhone17-11-300x187.webp 300w, https:\/\/www.zeqipro.com\/wp-content\/uploads\/2026\/05\/news-iPhone17-11-768x479.webp 768w, https:\/\/www.zeqipro.com\/wp-content\/uploads\/2026\/05\/news-iPhone17-11.webp 1080w\" sizes=\"(max-width: 1024px) 100vw, 1024px\" \/><\/figure>\n\n\n\n<p class=\"wp-block-paragraph\">\u2022\u00a0<strong>Grabaci\u00f3n simult\u00e1nea con dos c\u00e1maras<\/strong>: Grabaci\u00f3n simult\u00e1nea de v\u00eddeo 4K con las c\u00e1maras delantera y trasera: una gran noticia para los creadores de contenido<\/p>\n\n\n\n<figure class=\"wp-block-image size-large\"><img loading=\"lazy\" decoding=\"async\" width=\"1024\" height=\"576\" src=\"https:\/\/www.zeqipro.com\/wp-content\/uploads\/2026\/05\/news-iPhone17-12-1024x576.webp\" alt=\"\" class=\"wp-image-1834\" srcset=\"https:\/\/www.zeqipro.com\/wp-content\/uploads\/2026\/05\/news-iPhone17-12-1024x576.webp 1024w, https:\/\/www.zeqipro.com\/wp-content\/uploads\/2026\/05\/news-iPhone17-12-800x450.webp 800w, https:\/\/www.zeqipro.com\/wp-content\/uploads\/2026\/05\/news-iPhone17-12-300x169.webp 300w, https:\/\/www.zeqipro.com\/wp-content\/uploads\/2026\/05\/news-iPhone17-12-768x432.webp 768w, https:\/\/www.zeqipro.com\/wp-content\/uploads\/2026\/05\/news-iPhone17-12.webp 1080w\" sizes=\"(max-width: 1024px) 100vw, 1024px\" \/><\/figure>\n\n\n\n<p class=\"wp-block-paragraph\">\u2022\u00a0<strong>Aplicaci\u00f3n de c\u00e1mara profesional<\/strong>: Las funciones de la aplicaci\u00f3n nativa est\u00e1n a la altura de herramientas profesionales como Halide y permiten ajustar par\u00e1metros avanzados.<\/p>\n\n\n\n<figure class=\"wp-block-image size-full\"><img loading=\"lazy\" decoding=\"async\" width=\"1024\" height=\"654\" src=\"https:\/\/www.zeqipro.com\/wp-content\/uploads\/2026\/05\/news-iPhone17-13.webp\" alt=\"\" class=\"wp-image-1833\" srcset=\"https:\/\/www.zeqipro.com\/wp-content\/uploads\/2026\/05\/news-iPhone17-13.webp 1024w, https:\/\/www.zeqipro.com\/wp-content\/uploads\/2026\/05\/news-iPhone17-13-800x511.webp 800w, https:\/\/www.zeqipro.com\/wp-content\/uploads\/2026\/05\/news-iPhone17-13-300x192.webp 300w, https:\/\/www.zeqipro.com\/wp-content\/uploads\/2026\/05\/news-iPhone17-13-768x491.webp 768w\" sizes=\"(max-width: 1024px) 100vw, 1024px\" \/><\/figure>\n\n\n\n<p class=\"wp-block-paragraph\"><strong>V. Disrupci\u00f3n en el dise\u00f1o: una reconstrucci\u00f3n integral, desde los materiales hasta la distribuci\u00f3n<\/strong><\/p>\n\n\n\n<p class=\"wp-block-paragraph\">El dise\u00f1o exterior experimenta el mayor cambio desde el iPhone X:<\/p>\n\n\n\n<figure class=\"wp-block-image size-full\"><img loading=\"lazy\" decoding=\"async\" width=\"865\" height=\"533\" src=\"https:\/\/www.zeqipro.com\/wp-content\/uploads\/2026\/05\/news-iPhone17-14.webp\" alt=\"\" class=\"wp-image-1848\" srcset=\"https:\/\/www.zeqipro.com\/wp-content\/uploads\/2026\/05\/news-iPhone17-14.webp 865w, https:\/\/www.zeqipro.com\/wp-content\/uploads\/2026\/05\/news-iPhone17-14-800x493.webp 800w, https:\/\/www.zeqipro.com\/wp-content\/uploads\/2026\/05\/news-iPhone17-14-300x185.webp 300w, https:\/\/www.zeqipro.com\/wp-content\/uploads\/2026\/05\/news-iPhone17-14-768x473.webp 768w\" sizes=\"(max-width: 865px) 100vw, 865px\" \/><\/figure>\n\n\n\n<p class=\"wp-block-paragraph\">El iPhone 17 Pro presenta un dise\u00f1o que combina cristal y metal (imagen conceptual)<\/p>\n\n\n\n<p class=\"wp-block-paragraph\">\u2022&nbsp;<strong>La revoluci\u00f3n de los materiales de la serie Pro<\/strong>: Se ha dejado de utilizar el titanio para volver a los marcos de aleaci\u00f3n de aluminio, y la parte trasera, que combina cristal y metal, mejora el tacto del dispositivo sin funda.<\/p>\n\n\n\n<p class=\"wp-block-paragraph\">\u2022\u00a0<strong>El logotipo se ha desplazado hacia abajo<\/strong>: El logotipo de Apple se ha desplazado a la parte media-inferior del cuerpo del dispositivo, lo que equilibra el centro de gravedad visual del m\u00f3dulo de c\u00e1mara alargado.<\/p>\n\n\n\n<p class=\"wp-block-paragraph\">\u2022\u00a0<strong>Air: ultradelgado<\/strong>: Un grosor r\u00e9cord de 5,5 mm; podr\u00eda prescindir de los puertos f\u00edsicos para lograr un dise\u00f1o verdaderamente sin orificios<\/p>\n\n\n\n<p class=\"wp-block-paragraph\">\u2022\u00a0<strong>Nuevos colores<\/strong>: La serie Pro se caracteriza por el azul oscuro y un llamativo nuevo tono naranja, mientras que la versi\u00f3n est\u00e1ndar incorpora tonos juveniles como el morado claro y el verde claro.<\/p>\n\n\n\n<figure class=\"wp-block-image size-large\"><img loading=\"lazy\" decoding=\"async\" width=\"969\" height=\"1024\" src=\"https:\/\/www.zeqipro.com\/wp-content\/uploads\/2026\/05\/news-iPhone17-15-969x1024.webp\" alt=\"\" class=\"wp-image-1847\" srcset=\"https:\/\/www.zeqipro.com\/wp-content\/uploads\/2026\/05\/news-iPhone17-15-969x1024.webp 969w, https:\/\/www.zeqipro.com\/wp-content\/uploads\/2026\/05\/news-iPhone17-15-800x845.webp 800w, https:\/\/www.zeqipro.com\/wp-content\/uploads\/2026\/05\/news-iPhone17-15-284x300.webp 284w, https:\/\/www.zeqipro.com\/wp-content\/uploads\/2026\/05\/news-iPhone17-15-768x811.webp 768w, https:\/\/www.zeqipro.com\/wp-content\/uploads\/2026\/05\/news-iPhone17-15.webp 1080w\" sizes=\"(max-width: 969px) 100vw, 969px\" \/><\/figure>\n\n\n\n<p class=\"wp-block-paragraph\"><strong>VI. Otras mejoras clave<\/strong><\/p>\n\n\n\n<p class=\"wp-block-paragraph\">\u2022&nbsp;<strong>Compatibilidad con Wi-Fi 7<\/strong>: Toda la gama incorpora el chip Wi-Fi 7 desarrollado por Apple, con una velocidad de transmisi\u00f3n cuatro veces superior a la de la generaci\u00f3n anterior.<\/p>\n\n\n\n<figure class=\"wp-block-image size-large\"><img loading=\"lazy\" decoding=\"async\" width=\"1024\" height=\"574\" src=\"https:\/\/www.zeqipro.com\/wp-content\/uploads\/2026\/05\/news-iPhone17-16-1024x574.webp\" alt=\"\" class=\"wp-image-1846\" srcset=\"https:\/\/www.zeqipro.com\/wp-content\/uploads\/2026\/05\/news-iPhone17-16-1024x574.webp 1024w, https:\/\/www.zeqipro.com\/wp-content\/uploads\/2026\/05\/news-iPhone17-16-800x448.webp 800w, https:\/\/www.zeqipro.com\/wp-content\/uploads\/2026\/05\/news-iPhone17-16-300x168.webp 300w, https:\/\/www.zeqipro.com\/wp-content\/uploads\/2026\/05\/news-iPhone17-16-768x430.webp 768w, https:\/\/www.zeqipro.com\/wp-content\/uploads\/2026\/05\/news-iPhone17-16.webp 1080w\" sizes=\"(max-width: 1024px) 100vw, 1024px\" \/><\/figure>\n\n\n\n<p class=\"wp-block-paragraph\">\u2022\u00a0<strong>Carga r\u00e1pida inal\u00e1mbrica de 25 W<\/strong>: Compatibilidad total con cargadores Qi 2.2 de terceros; adi\u00f3s a las restricciones de MFi<\/p>\n\n\n\n<p class=\"wp-block-paragraph\">\u2022\u00a0<strong>MagSafe 3.0<\/strong>: La eficiencia de la carga magn\u00e9tica y la velocidad de carga aumentan al mismo tiempo<\/p>\n\n\n\n<p class=\"wp-block-paragraph\">\u2022&nbsp;<strong>Actualizaci\u00f3n del sistema de luz estructurada<\/strong>: Se ha mejorado la velocidad de reconocimiento de Face ID y su adaptabilidad a diferentes \u00e1ngulos<\/p>\n\n\n\n<p class=\"wp-block-paragraph\"><strong>Gu\u00eda de compra: encuentra el modelo ideal para ti<\/strong><\/p>\n\n\n\n<p class=\"wp-block-paragraph\">\u2022&nbsp;<strong>Estudiantes\/presupuesto limitado: iPhone 17<\/strong>\u2014\u2014Disfruta de una alta frecuencia de actualizaci\u00f3n y una pantalla grande a un precio asequible<\/p>\n\n\n\n<p class=\"wp-block-paragraph\">\u2022&nbsp;<strong>Amantes de la moda\/Aficionados al tacto: iPhone 17 Air<\/strong>\u2014\u2014La m\u00e1xima ligereza y un tacto exquisito van de la mano<\/p>\n\n\n\n<p class=\"wp-block-paragraph\">\u2022&nbsp;<strong>Aficionados a la fotograf\u00eda\/Amantes del rendimiento: iPhone 17 Pro<\/strong>\u2014\u2014Alta resoluci\u00f3n en todo el rango focal + sistema de imagen profesional<\/p>\n\n\n\n<p class=\"wp-block-paragraph\">\u2022&nbsp;<strong>Creadores\/Profesionales: iPhone 17 Pro Max<\/strong>\u2014\u2014Pantalla gigante, bater\u00eda de larga duraci\u00f3n y capacidad para reproducir v\u00eddeo en 8K<\/p>\n\n\n\n<p class=\"wp-block-paragraph\"><strong>Fecha de lanzamiento y precio<\/strong><\/p>\n\n\n\n<p class=\"wp-block-paragraph\">\u2022&nbsp;<strong>rueda de prensa<\/strong>: Se prev\u00e9 que sea el 9 o el 10 de septiembre (hora de Pek\u00edn)<\/p>\n\n\n\n<p class=\"wp-block-paragraph\">\u2022&nbsp;<strong>Fecha de salida a la venta<\/strong>: 19 de septiembre (viernes)<\/p>\n\n\n\n<p class=\"wp-block-paragraph\">\u2022&nbsp;<strong>Precio de salida<\/strong>\uff1a<\/p>\n\n\n\n<p class=\"wp-block-paragraph\">&nbsp; &nbsp; \u2022 iPhone 17: unos 699 d\u00f3lares<\/p>\n\n\n\n<p class=\"wp-block-paragraph\">&nbsp; &nbsp; \u2022 iPhone 17 Air: unos 899 d\u00f3lares<\/p>\n\n\n\n<p class=\"wp-block-paragraph\">&nbsp; &nbsp; \u2022 iPhone 17 Pro Max: unos 1.199 d\u00f3lares<\/p>\n\n\n\n<p class=\"wp-block-paragraph\">Esta transformaci\u00f3n va mucho m\u00e1s all\u00e1 de un simple juego de n\u00fameros en las fichas t\u00e9cnicas. Cuando Apple...<strong>La frecuencia de actualizaci\u00f3n de la pantalla de la versi\u00f3n est\u00e1ndar aumenta a 120 Hz<\/strong>, para<strong>La serie Pro ofrece un zoom \u00f3ptico de 8 aumentos y, con Air, redefine los l\u00edmites de la delgadez y la ligereza<\/strong>En este momento, lo que vemos es una revoluci\u00f3n en la experiencia del usuario cuidadosamente planificada.<\/p>\n\n\n\n<p class=\"wp-block-paragraph\">Lo que Cook denomin\u00f3 \u201c<strong>Una tecnolog\u00eda que pasa desapercibida<\/strong>\u201d, se est\u00e1 haciendo realidad poco a poco gracias al cuidado de cada detalle: ya sea la parte trasera con dise\u00f1o modular que facilita el agarre, la interacci\u00f3n m\u00e1s inteligente de la \u00abIsla Din\u00e1mica\u00bb o el cambio de materiales que reduce dr\u00e1sticamente los costes de reparaci\u00f3n, todo ello confirma la direcci\u00f3n definitiva de la evoluci\u00f3n de los tel\u00e9fonos inteligentes:<strong>Que la discusi\u00f3n sobre los par\u00e1metros vuelva a centrarse en la esencia de la experiencia<\/strong>\u3002<\/p>","protected":false},"excerpt":{"rendered":"<p>\u8ddd\u79bb\u82f9\u679c\u79cb\u5b63\u53d1\u5e03\u4f1a\u4ec5\u5269\u4e00\u4e2a\u591a\u6708\uff0ciPho [&hellip;]<\/p>\n","protected":false},"author":1,"featured_media":1841,"comment_status":"closed","ping_status":"closed","sticky":false,"template":"","format":"standard","meta":{"_uag_custom_page_level_css":"","site-sidebar-layout":"default","site-content-layout":"","ast-site-content-layout":"default","site-content-style":"default","site-sidebar-style":"default","ast-global-header-display":"","ast-banner-title-visibility":"","ast-main-header-display":"","ast-hfb-above-header-display":"","ast-hfb-below-header-display":"","ast-hfb-mobile-header-display":"","site-post-title":"","ast-breadcrumbs-content":"","ast-featured-img":"","footer-sml-layout":"","ast-disable-related-posts":"","theme-transparent-header-meta":"","adv-header-id-meta":"","stick-header-meta":"","header-above-stick-meta":"","header-main-stick-meta":"","header-below-stick-meta":"","astra-migrate-meta-layouts":"default","ast-page-background-enabled":"default","ast-page-background-meta":{"desktop":{"background-color":"var(--ast-global-color-5)","background-image":"","background-repeat":"repeat","background-position":"center center","background-size":"auto","background-attachment":"scroll","background-type":"","background-media":"","overlay-type":"","overlay-color":"","overlay-opacity":"","overlay-gradient":""},"tablet":{"background-color":"","background-image":"","background-repeat":"repeat","background-position":"center center","background-size":"auto","background-attachment":"scroll","background-type":"","background-media":"","overlay-type":"","overlay-color":"","overlay-opacity":"","overlay-gradient":""},"mobile":{"background-color":"","background-image":"","background-repeat":"repeat","background-position":"center center","background-size":"auto","background-attachment":"scroll","background-type":"","background-media":"","overlay-type":"","overlay-color":"","overlay-opacity":"","overlay-gradient":""}},"ast-content-background-meta":{"desktop":{"background-color":"var(--ast-global-color-4)","background-image":"","background-repeat":"repeat","background-position":"center center","background-size":"auto","background-attachment":"scroll","background-type":"","background-media":"","overlay-type":"","overlay-color":"","overlay-opacity":"","overlay-gradient":""},"tablet":{"background-color":"var(--ast-global-color-4)","background-image":"","background-repeat":"repeat","background-position":"center center","background-size":"auto","background-attachment":"scroll","background-type":"","background-media":"","overlay-type":"","overlay-color":"","overlay-opacity":"","overlay-gradient":""},"mobile":{"background-color":"var(--ast-global-color-4)","background-image":"","background-repeat":"repeat","background-position":"center center","background-size":"auto","background-attachment":"scroll","background-type":"","background-media":"","overlay-type":"","overlay-color":"","overlay-opacity":"","overlay-gradient":""}},"footnotes":""},"categories":[25],"tags":[],"class_list":["post-500","post","type-post","status-publish","format-standard","has-post-thumbnail","hentry","category-industry-news"],"spectra_custom_meta":{"_yoast_wpseo_content_score":["90"],"_yoast_wpseo_estimated-reading-time-minutes":["2"],"_thumbnail_id":["1841"],"_astra_sites_imported_post":["1"],"_astra_sites_enable_for_batch":["1"],"_edit_last":["1"],"_wp_page_template":["default"],"_uagb_previous_block_counts":["a:90:{s:21:\"uagb\/advanced-heading\";i:0;s:15:\"uagb\/blockquote\";i:0;s:12:\"uagb\/buttons\";i:0;s:18:\"uagb\/buttons-child\";i:0;s:19:\"uagb\/call-to-action\";i:0;s:15:\"uagb\/cf7-styler\";i:0;s:11:\"uagb\/column\";i:0;s:12:\"uagb\/columns\";i:0;s:14:\"uagb\/container\";i:0;s:21:\"uagb\/content-timeline\";i:0;s:27:\"uagb\/content-timeline-child\";i:0;s:14:\"uagb\/countdown\";i:0;s:12:\"uagb\/counter\";i:0;s:8:\"uagb\/faq\";i:0;s:14:\"uagb\/faq-child\";i:0;s:10:\"uagb\/forms\";i:0;s:17:\"uagb\/forms-accept\";i:0;s:19:\"uagb\/forms-checkbox\";i:0;s:15:\"uagb\/forms-date\";i:0;s:16:\"uagb\/forms-email\";i:0;s:17:\"uagb\/forms-hidden\";i:0;s:15:\"uagb\/forms-name\";i:0;s:16:\"uagb\/forms-phone\";i:0;s:16:\"uagb\/forms-radio\";i:0;s:17:\"uagb\/forms-select\";i:0;s:19:\"uagb\/forms-textarea\";i:0;s:17:\"uagb\/forms-toggle\";i:0;s:14:\"uagb\/forms-url\";i:0;s:14:\"uagb\/gf-styler\";i:0;s:15:\"uagb\/google-map\";i:0;s:11:\"uagb\/how-to\";i:0;s:16:\"uagb\/how-to-step\";i:0;s:9:\"uagb\/icon\";i:0;s:14:\"uagb\/icon-list\";i:0;s:20:\"uagb\/icon-list-child\";i:0;s:10:\"uagb\/image\";i:0;s:18:\"uagb\/image-gallery\";i:0;s:13:\"uagb\/info-box\";i:0;s:18:\"uagb\/inline-notice\";i:0;s:11:\"uagb\/lottie\";i:0;s:21:\"uagb\/marketing-button\";i:0;s:10:\"uagb\/modal\";i:0;s:18:\"uagb\/popup-builder\";i:0;s:16:\"uagb\/post-button\";i:0;s:18:\"uagb\/post-carousel\";i:0;s:17:\"uagb\/post-excerpt\";i:0;s:14:\"uagb\/post-grid\";i:0;s:15:\"uagb\/post-image\";i:0;s:17:\"uagb\/post-masonry\";i:0;s:14:\"uagb\/post-meta\";i:0;s:18:\"uagb\/post-taxonomy\";i:0;s:18:\"uagb\/post-timeline\";i:0;s:15:\"uagb\/post-title\";i:0;s:20:\"uagb\/restaurant-menu\";i:0;s:26:\"uagb\/restaurant-menu-child\";i:0;s:11:\"uagb\/review\";i:0;s:12:\"uagb\/section\";i:0;s:14:\"uagb\/separator\";i:0;s:11:\"uagb\/slider\";i:0;s:17:\"uagb\/slider-child\";i:0;s:17:\"uagb\/social-share\";i:0;s:23:\"uagb\/social-share-child\";i:0;s:16:\"uagb\/star-rating\";i:0;s:23:\"uagb\/sure-cart-checkout\";i:0;s:22:\"uagb\/sure-cart-product\";i:0;s:15:\"uagb\/sure-forms\";i:0;s:22:\"uagb\/table-of-contents\";i:0;s:9:\"uagb\/tabs\";i:0;s:15:\"uagb\/tabs-child\";i:0;s:18:\"uagb\/taxonomy-list\";i:0;s:9:\"uagb\/team\";i:0;s:16:\"uagb\/testimonial\";i:0;s:14:\"uagb\/wp-search\";i:0;s:19:\"uagb\/instagram-feed\";i:0;s:10:\"uagb\/login\";i:0;s:17:\"uagb\/loop-builder\";i:0;s:18:\"uagb\/loop-category\";i:0;s:20:\"uagb\/loop-pagination\";i:0;s:15:\"uagb\/loop-reset\";i:0;s:16:\"uagb\/loop-search\";i:0;s:14:\"uagb\/loop-sort\";i:0;s:17:\"uagb\/loop-wrapper\";i:0;s:13:\"uagb\/register\";i:0;s:19:\"uagb\/register-email\";i:0;s:24:\"uagb\/register-first-name\";i:0;s:23:\"uagb\/register-last-name\";i:0;s:22:\"uagb\/register-password\";i:0;s:30:\"uagb\/register-reenter-password\";i:0;s:19:\"uagb\/register-terms\";i:0;s:22:\"uagb\/register-username\";i:0;}"],"_edit_lock":["1780887747:1"],"_wp_old_slug":["5-must-have-staples-for-a-capsule-wardrobe"],"_wp_old_date":["2026-03-13"],"_elementor_global_class_usage_indexed":["1"],"_uag_css_file_name":["uag-css-500.css"],"_uag_page_assets":["a:9:{s:3:\"css\";s:0:\"\";s:2:\"js\";s:0:\"\";s:18:\"current_block_list\";a:9:{i:0;s:10:\"core\/image\";i:1;s:14:\"core\/paragraph\";i:2;s:11:\"core\/search\";i:3;s:10:\"core\/group\";i:4;s:12:\"core\/heading\";i:5;s:17:\"core\/latest-posts\";i:6;s:20:\"core\/latest-comments\";i:7;s:13:\"core\/archives\";i:8;s:15:\"core\/categories\";}s:8:\"uag_flag\";b:0;s:11:\"uag_version\";s:10:\"1787995533\";s:6:\"gfonts\";a:0:{}s:10:\"gfonts_url\";s:0:\"\";s:12:\"gfonts_files\";a:0:{}s:14:\"uag_faq_layout\";b:0;}"],"_elementor_page_assets":["a:0:{}"]},"uagb_featured_image_src":{"full":["https:\/\/www.zeqipro.com\/wp-content\/uploads\/2026\/05\/news-iPhone17-5.webp",1024,652,false],"thumbnail":["https:\/\/www.zeqipro.com\/wp-content\/uploads\/2026\/05\/news-iPhone17-5-150x150.webp",150,150,true],"medium":["https:\/\/www.zeqipro.com\/wp-content\/uploads\/2026\/05\/news-iPhone17-5-300x191.webp",300,191,true],"medium_large":["https:\/\/www.zeqipro.com\/wp-content\/uploads\/2026\/05\/news-iPhone17-5-768x489.webp",768,489,true],"large":["https:\/\/www.zeqipro.com\/wp-content\/uploads\/2026\/05\/news-iPhone17-5.webp",1024,652,false],"1536x1536":["https:\/\/www.zeqipro.com\/wp-content\/uploads\/2026\/05\/news-iPhone17-5.webp",1024,652,false],"2048x2048":["https:\/\/www.zeqipro.com\/wp-content\/uploads\/2026\/05\/news-iPhone17-5.webp",1024,652,false],"trp-custom-language-flag":["https:\/\/www.zeqipro.com\/wp-content\/uploads\/2026\/05\/news-iPhone17-5.webp",18,12,false],"woocommerce_thumbnail":["https:\/\/www.zeqipro.com\/wp-content\/uploads\/2026\/05\/news-iPhone17-5-600x600.webp",600,600,true],"woocommerce_single":["https:\/\/www.zeqipro.com\/wp-content\/uploads\/2026\/05\/news-iPhone17-5-800x509.webp",800,509,true],"woocommerce_gallery_thumbnail":["https:\/\/www.zeqipro.com\/wp-content\/uploads\/2026\/05\/news-iPhone17-5-100x100.webp",100,100,true]},"uagb_author_info":{"display_name":"contact@gwsz.com","author_link":"https:\/\/www.zeqipro.com\/es\/author\/contactgwsz-com\/"},"uagb_comment_info":0,"uagb_excerpt":"\u8ddd\u79bb\u82f9\u679c\u79cb\u5b63\u53d1\u5e03\u4f1a\u4ec5\u5269\u4e00\u4e2a\u591a\u6708\uff0ciPho [&hellip;]","_links":{"self":[{"href":"https:\/\/www.zeqipro.com\/es\/wp-json\/wp\/v2\/posts\/500","targetHints":{"allow":["GET"]}}],"collection":[{"href":"https:\/\/www.zeqipro.com\/es\/wp-json\/wp\/v2\/posts"}],"about":[{"href":"https:\/\/www.zeqipro.com\/es\/wp-json\/wp\/v2\/types\/post"}],"author":[{"embeddable":true,"href":"https:\/\/www.zeqipro.com\/es\/wp-json\/wp\/v2\/users\/1"}],"replies":[{"embeddable":true,"href":"https:\/\/www.zeqipro.com\/es\/wp-json\/wp\/v2\/comments?post=500"}],"version-history":[{"count":2,"href":"https:\/\/www.zeqipro.com\/es\/wp-json\/wp\/v2\/posts\/500\/revisions"}],"predecessor-version":[{"id":1849,"href":"https:\/\/www.zeqipro.com\/es\/wp-json\/wp\/v2\/posts\/500\/revisions\/1849"}],"wp:featuredmedia":[{"embeddable":true,"href":"https:\/\/www.zeqipro.com\/es\/wp-json\/wp\/v2\/media\/1841"}],"wp:attachment":[{"href":"https:\/\/www.zeqipro.com\/es\/wp-json\/wp\/v2\/media?parent=500"}],"wp:term":[{"taxonomy":"category","embeddable":true,"href":"https:\/\/www.zeqipro.com\/es\/wp-json\/wp\/v2\/categories?post=500"},{"taxonomy":"post_tag","embeddable":true,"href":"https:\/\/www.zeqipro.com\/es\/wp-json\/wp\/v2\/tags?post=500"}],"curies":[{"name":"wp","href":"https:\/\/api.w.org\/{rel}","templated":true}]}}