{"id":513,"date":"2026-03-31T03:13:35","date_gmt":"2026-03-31T03:13:35","guid":{"rendered":"https:\/\/zeqipro.com\/our-favorite-summer-looks-light-breezy-bold\/"},"modified":"2026-06-08T03:00:10","modified_gmt":"2026-06-08T03:00:10","slug":"nuestros-looks-favoritos-para-el-verano-ligeros-frescos-y-atrevidos","status":"publish","type":"post","link":"https:\/\/www.zeqipro.com\/es\/our-favorite-summer-looks-light-breezy-bold\/","title":{"rendered":"\u00a1El \u201cIsla Din\u00e1mica\u201d se adelgaza! \u00a1Con el respaldo de un chip de 2 nm! \u00bfEstas cinco grandes mejoras del iPhone 18 Pro har\u00e1n que los que \u00abesperan a ver qu\u00e9 pasa\u00bb salgan ganando?"},"content":{"rendered":"<p class=\"wp-block-paragraph\">\u00bfSer\u00e1 que esta vez Apple por fin va a dar un paso de gigante? A medida que nos adentramos en 2026, aunque a\u00fan faltan unos meses para la presentaci\u00f3n de oto\u00f1o de Apple, las filtraciones sobre la serie iPhone 18 ya inundan los medios.<\/p>\n\n\n\n<figure class=\"wp-block-image size-full\"><img fetchpriority=\"high\" decoding=\"async\" width=\"700\" height=\"350\" src=\"https:\/\/www.zeqipro.com\/wp-content\/uploads\/2026\/06\/news18-1.webp\" alt=\"\" class=\"wp-image-2869\" srcset=\"https:\/\/www.zeqipro.com\/wp-content\/uploads\/2026\/06\/news18-1.webp 700w, https:\/\/www.zeqipro.com\/wp-content\/uploads\/2026\/06\/news18-1-300x150.webp 300w\" sizes=\"(max-width: 700px) 100vw, 700px\" \/><\/figure>\n\n\n\n<p class=\"wp-block-paragraph\"><em>Imagen de 9to5Mac<\/em><\/p>\n\n\n\n<p class=\"wp-block-paragraph\">A juzgar por las informaciones que llegan desde la cadena de suministro, la serie iPhone 18 Pro de este a\u00f1o podr\u00eda ser la renovaci\u00f3n m\u00e1s esperada de los \u00faltimos cinco a\u00f1os. No solo se despide de la \u201cpastilla gigante\u201d que se ha mantenido durante a\u00f1os, sino que tambi\u00e9n alcanzar\u00e1 el m\u00e1ximo nivel en cuanto a rendimiento, calidad de imagen y autonom\u00eda. Es m\u00e1s, Apple incluso tiene preparado un \u201cOne More Thing\u201d con pantalla plegable.<\/p>\n\n\n\n<p class=\"wp-block-paragraph\">Si todav\u00eda est\u00e1s dudando entre cambiarte al iPhone 17 o esperar a ver qu\u00e9 pasa, despu\u00e9s de leer este an\u00e1lisis, seguro que ya tendr\u00e1s la respuesta.<\/p>\n\n\n\n<p class=\"wp-block-paragraph\">Un cambio radical en el dise\u00f1o: la \u201cIsla Din\u00e1mica\u201d por fin se ha \u00abadelgazado\u00bb y la proporci\u00f3n de pantalla se ha disparado<\/p>\n\n\n\n<p class=\"wp-block-paragraph\">Desde que se introdujo la \u201cIsla Din\u00e1mica\u201d en la serie iPhone 14 Pro, aunque la interacci\u00f3n es muy creativa, esa \u00abgran pastilla\u00bb que ocupa el centro de la pantalla sigue siendo un gran inconveniente est\u00e9tico.<\/p>\n\n\n\n<p class=\"wp-block-paragraph\">\u00a1Esta vez, el iPhone 18 Pro por fin va a hacer cambios en el \u201cDinamic Island\u201d!    Seg\u00fan los \u00faltimos datos filtrados de la cadena de suministro, la anchura del \u201cDinamic Island\u201d de la serie iPhone 18 Pro se reducir\u00e1 de los 20,76 mil\u00edmetros de la generaci\u00f3n anterior a 13,49 mil\u00edmetros, lo que supone una reducci\u00f3n del \u00e1rea total de 35%. Esto significa que esa \u00abpastilla gigante\u00bb tan llamativa se convertir\u00e1 en una \u00abc\u00e1psula\u00bb peque\u00f1a y elegante; al jugar o ver pel\u00edculas en modo horizontal, la obstrucci\u00f3n de la pantalla se reducir\u00e1 en un 41%, y la proporci\u00f3n de pantalla superar\u00e1 directamente el 96%.<\/p>\n\n\n\n<figure class=\"wp-block-image size-full\"><img decoding=\"async\" width=\"640\" height=\"544\" src=\"https:\/\/www.zeqipro.com\/wp-content\/uploads\/2026\/06\/news18-2.webp\" alt=\"\" class=\"wp-image-2870\" srcset=\"https:\/\/www.zeqipro.com\/wp-content\/uploads\/2026\/06\/news18-2.webp 640w, https:\/\/www.zeqipro.com\/wp-content\/uploads\/2026\/06\/news18-2-300x255.webp 300w\" sizes=\"(max-width: 640px) 100vw, 640px\" \/><\/figure>\n\n\n\n<p class=\"wp-block-paragraph\"><em>Fuente de la imagen: Toutiao Digital Bage<\/em><\/p>\n\n\n\n<p class=\"wp-block-paragraph\">La tecnolog\u00eda clave que hace posible este avance es precisamente el \u201cFace ID bajo la pantalla\u201d, que los seguidores de Apple llevan a\u00f1os esperando. Apple ha ocultado componentes como el sensor de infrarrojos bajo la pantalla, dejando solo un min\u00fasculo orificio en la zona de la c\u00e1mara frontal, lo que supone el paso m\u00e1s importante que ha dado la empresa hacia una pantalla verdaderamente completa.<\/p>\n\n\n\n<figure class=\"wp-block-image size-full\"><img decoding=\"async\" width=\"640\" height=\"677\" src=\"https:\/\/www.zeqipro.com\/wp-content\/uploads\/2026\/06\/news18-3.webp\" alt=\"\" class=\"wp-image-2871\" srcset=\"https:\/\/www.zeqipro.com\/wp-content\/uploads\/2026\/06\/news18-3.webp 640w, https:\/\/www.zeqipro.com\/wp-content\/uploads\/2026\/06\/news18-3-284x300.webp 284w\" sizes=\"(max-width: 640px) 100vw, 640px\" \/><\/figure>\n\n\n\n<p class=\"wp-block-paragraph\"><em>Fuente de la imagen: cuenta de WeChat \u00abNo hay que ser ingenuo\u00bb<\/em><\/p>\n\n\n\n<p class=\"wp-block-paragraph\">An\u00e1lisis: Aunque la tecnolog\u00eda de la c\u00e1mara integrada en la pantalla a\u00fan no est\u00e1 del todo madura, la incorporaci\u00f3n de Face ID bajo la pantalla supone que el iPhone por fin deja atr\u00e1s la era de la \u201cmelenita\u201d. Para los usuarios que buscan una experiencia visual \u00f3ptima, este es sin duda el principal motivo para cambiar de tel\u00e9fono.<\/p>\n\n\n\n<h4 class=\"wp-block-heading\"><strong>Un salto espectacular en el rendimiento: chip de 2 nm + banda base de desarrollo propio, \u00bfse salvar\u00e1 la cobertura?<\/strong><\/h4>\n\n\n\n<p class=\"wp-block-paragraph\">La mejora fundamental de cada generaci\u00f3n de iPhone siempre ha sido el chip, pero esta vez el iPhone 18 Pro se ha pasado un poco de la raya. Incorporar\u00e1 el chip A20 Pro, fabricado con el \u00faltimo proceso de 2 nm de TSMC. En comparaci\u00f3n con el proceso de 3 nm de la generaci\u00f3n anterior, se prev\u00e9 que el de 2 nm ofrezca un aumento del rendimiento de alrededor del 15%, mientras que el consumo energ\u00e9tico se reducir\u00e1 hasta en un 30%. Para los aficionados a los videojuegos y los creadores de contenido audiovisual, esto se traduce en una fluidez a\u00fan mayor y una mayor autonom\u00eda.<\/p>\n\n\n\n<figure class=\"wp-block-image size-full\"><img loading=\"lazy\" decoding=\"async\" width=\"750\" height=\"499\" src=\"https:\/\/www.zeqipro.com\/wp-content\/uploads\/2026\/06\/news18-4.webp\" alt=\"\" class=\"wp-image-2873\" srcset=\"https:\/\/www.zeqipro.com\/wp-content\/uploads\/2026\/06\/news18-4.webp 750w, https:\/\/www.zeqipro.com\/wp-content\/uploads\/2026\/06\/news18-4-300x200.webp 300w\" sizes=\"(max-width: 750px) 100vw, 750px\" \/><\/figure>\n\n\n\n<p class=\"wp-block-paragraph\"><em>\u00a0Imagen obtenida de Internet<\/em><\/p>\n\n\n\n<p class=\"wp-block-paragraph\">Lo que resulta a\u00fan m\u00e1s emocionante es que el chip de banda base C2, desarrollado por la propia Apple, por fin se va a implantar a gran escala. Con la serie iPhone 18 Pro, Apple podr\u00eda liberarse por completo de su dependencia de Qualcomm. Si las filtraciones son ciertas, el problema de la \u201cmala cobertura del iPhone\u201d, tan criticado durante a\u00f1os, podr\u00eda mejorar de forma radical.<\/p>\n\n\n\n<figure class=\"wp-block-image size-full\"><img loading=\"lazy\" decoding=\"async\" width=\"600\" height=\"632\" src=\"https:\/\/www.zeqipro.com\/wp-content\/uploads\/2026\/06\/news18-5.webp\" alt=\"\" class=\"wp-image-2874\" srcset=\"https:\/\/www.zeqipro.com\/wp-content\/uploads\/2026\/06\/news18-5.webp 600w, https:\/\/www.zeqipro.com\/wp-content\/uploads\/2026\/06\/news18-5-285x300.webp 285w\" sizes=\"(max-width: 600px) 100vw, 600px\" \/><\/figure>\n\n\n\n<p class=\"wp-block-paragraph\"><em>Im\u00e1genes esquem\u00e1ticas de las especificaciones de la serie iPhone 18 Pro y del iPhone Fold que circulan por Internet<\/em><\/p>\n\n\n\n<p class=\"wp-block-paragraph\">An\u00e1lisis: Los chips de 2 nm no solo aportan un aumento en las puntuaciones de rendimiento, sino tambi\u00e9n un gran avance en la potencia de c\u00e1lculo de la IA; por su parte, la incorporaci\u00f3n de un m\u00f3dem de desarrollo propio supone un paso importante para que Apple subsane una de sus principales carencias.<\/p>\n\n\n\n<h4 class=\"wp-block-heading\"><strong>Innovaci\u00f3n en imagen: llega la apertura variable, para unas fotos m\u00e1s profesionales<\/strong><\/h4>\n\n\n\n<p class=\"wp-block-paragraph\">Aunque las prestaciones de v\u00eddeo del iPhone siempre han sido un referente en el sector, en lo que respecta a la fotograf\u00eda, frente a los \u201csensores de gran tama\u00f1o\u201d y las \u201caberturas variables\u201d de los modelos insignia de Android, Apple parece haberse mostrado siempre algo conservadora.<strong><br><\/strong>Pero todo esto va a cambiar con el iPhone 18 Pro.    Seg\u00fan las filtraciones, la serie iPhone 18 Pro incorporar\u00e1 por primera vez la tecnolog\u00eda de apertura variable. Al controlar la cantidad de luz que entra mediante un mecanismo mec\u00e1nico, los usuarios podr\u00e1n obtener un efecto de desenfoque de la profundidad de campo m\u00e1s natural, especialmente en el modo retrato y en las fotograf\u00edas nocturnas, donde la mejora ser\u00e1 muy notable.<\/p>\n\n\n\n<figure class=\"wp-block-image size-large\"><img loading=\"lazy\" decoding=\"async\" width=\"1024\" height=\"766\" src=\"https:\/\/www.zeqipro.com\/wp-content\/uploads\/2026\/06\/news18-6-1024x766.webp\" alt=\"\" class=\"wp-image-2875\" srcset=\"https:\/\/www.zeqipro.com\/wp-content\/uploads\/2026\/06\/news18-6-1024x766.webp 1024w, https:\/\/www.zeqipro.com\/wp-content\/uploads\/2026\/06\/news18-6-300x224.webp 300w, https:\/\/www.zeqipro.com\/wp-content\/uploads\/2026\/06\/news18-6-768x575.webp 768w, https:\/\/www.zeqipro.com\/wp-content\/uploads\/2026\/06\/news18-6-800x599.webp 800w, https:\/\/www.zeqipro.com\/wp-content\/uploads\/2026\/06\/news18-6.webp 1080w\" sizes=\"(max-width: 1024px) 100vw, 1024px\" \/><\/figure>\n\n\n\n<p class=\"wp-block-paragraph\">\u00a0<em>Imagen obtenida de Internet<\/em><\/p>\n\n\n\n<p class=\"wp-block-paragraph\">Sin embargo, dado que la estructura mec\u00e1nica de la apertura variable ocupa bastante espacio, es muy probable que esta caracter\u00edstica de gama alta sea exclusiva del iPhone 18 Pro Max. Adem\u00e1s, aunque la resoluci\u00f3n de la c\u00e1mara principal se mantendr\u00e1 en 48 millones de p\u00edxeles, el tama\u00f1o del sensor aumentar\u00e1 a\u00fan m\u00e1s, lo que mejorar\u00e1 la captaci\u00f3n de luz en un 40%; junto con los nuevos algoritmos de imagen, la calidad de las fotograf\u00edas fijas alcanzar\u00e1 un nuevo nivel.<br>An\u00e1lisis: Apple por fin ha empezado a subsanar las carencias en cuanto a hardware f\u00edsico, m\u00e1s all\u00e1 de la \u201cfotograf\u00eda computacional\u201d. Si eres aficionado a la fotograf\u00eda, quiz\u00e1 merezca la pena que te plantees adquirir la versi\u00f3n Pro Max en esta ocasi\u00f3n.<\/p>\n\n\n\n<h4 class=\"wp-block-heading\">Autonom\u00eda y recarga: adi\u00f3s a la ansiedad de \u201crecargar cada d\u00eda\u201d<\/h4>\n\n\n\n<p class=\"wp-block-paragraph\">La autonom\u00eda siempre ha sido un punto d\u00e9bil para los usuarios del iPhone. Aunque la autonom\u00eda del iPhone 17 Pro Max ya es muy buena, la serie iPhone 18 Pro ha dado un gran paso adelante en este aspecto.<strong>\u00a0 \u00a0 La capacidad de la bater\u00eda del iPhone 18 Pro Max superar\u00e1 por primera vez la barrera de los 5.000 mAh, alcanzando los 5.000 mAh. La versi\u00f3n Pro tambi\u00e9n contar\u00e1 con una bater\u00eda con carcasa de acero de unos 4.500 mAh, que no solo ofrece una gran capacidad, sino tambi\u00e9n una mayor seguridad.<\/strong><\/p>\n\n\n\n<figure class=\"wp-block-image size-full\"><img loading=\"lazy\" decoding=\"async\" width=\"750\" height=\"421\" src=\"https:\/\/www.zeqipro.com\/wp-content\/uploads\/2026\/06\/news18-7.webp\" alt=\"\" class=\"wp-image-2876\" srcset=\"https:\/\/www.zeqipro.com\/wp-content\/uploads\/2026\/06\/news18-7.webp 750w, https:\/\/www.zeqipro.com\/wp-content\/uploads\/2026\/06\/news18-7-300x168.webp 300w\" sizes=\"(max-width: 750px) 100vw, 750px\" \/><\/figure>\n\n\n\n<p class=\"wp-block-paragraph\"><em>Imagen obtenida de Internet<\/em><\/p>\n\n\n\n<p class=\"wp-block-paragraph\">Por fin, la velocidad de carga ya no se queda en los \u201canticuados\u201d 20 W. Seg\u00fan los rumores, la serie iPhone 18 admitir\u00e1 una carga r\u00e1pida por cable de 50 W y una carga r\u00e1pida inal\u00e1mbrica de 30 W, lo que permitir\u00e1 alcanzar el 80% de la bater\u00eda en tan solo 30 minutos.\u00a0 \u00a0 An\u00e1lisis: Gracias a la bater\u00eda de mayor capacidad, al bajo consumo del chip de 2 nm y a la mejora en la velocidad de carga r\u00e1pida, es posible que los usuarios del iPhone 18 Pro puedan librarse por fin de la ansiedad por la autonom\u00eda.<\/p>\n\n\n\n<p class=\"wp-block-paragraph\">La sorpresa definitiva: \u00bfpor fin llegar\u00e1 el iPhone con pantalla plegable?    Adem\u00e1s de la habitual serie iPhone 18 Pro, lo que m\u00e1s atenci\u00f3n acaparar\u00e1 este oto\u00f1o es la nueva categor\u00eda de Apple: el iPhone Fold.\u00a0<\/p>\n\n\n\n<figure class=\"wp-block-image size-full\"><img loading=\"lazy\" decoding=\"async\" width=\"700\" height=\"394\" src=\"https:\/\/www.zeqipro.com\/wp-content\/uploads\/2026\/06\/news18-8.webp\" alt=\"\" class=\"wp-image-2877\" srcset=\"https:\/\/www.zeqipro.com\/wp-content\/uploads\/2026\/06\/news18-8.webp 700w, https:\/\/www.zeqipro.com\/wp-content\/uploads\/2026\/06\/news18-8-300x169.webp 300w\" sizes=\"(max-width: 700px) 100vw, 700px\" \/><\/figure>\n\n\n\n<p class=\"wp-block-paragraph\"><em>Imagen obtenida de Internet<\/em><\/p>\n\n\n\n<p class=\"wp-block-paragraph\">Se prev\u00e9 que este tel\u00e9fono con pantalla plegable adopte un dise\u00f1o tipo libro, con una pantalla interior de 7,8 pulgadas y una pantalla exterior de 5,3 pulgadas, y que su grosor una vez desplegado no supere los 4,8 mm. Tambi\u00e9n incorporar\u00e1 el chip A20 Pro y contar\u00e1 con una bisagra de aleaci\u00f3n de titanio, con el objetivo de resolver el problema de la marca de plegado.<\/p>\n\n\n\n<figure class=\"wp-block-image size-large\"><img loading=\"lazy\" decoding=\"async\" width=\"1024\" height=\"512\" src=\"https:\/\/www.zeqipro.com\/wp-content\/uploads\/2026\/06\/news18-9-1024x512.webp\" alt=\"\" class=\"wp-image-2878\" srcset=\"https:\/\/www.zeqipro.com\/wp-content\/uploads\/2026\/06\/news18-9-1024x512.webp 1024w, https:\/\/www.zeqipro.com\/wp-content\/uploads\/2026\/06\/news18-9-300x150.webp 300w, https:\/\/www.zeqipro.com\/wp-content\/uploads\/2026\/06\/news18-9-768x384.webp 768w, https:\/\/www.zeqipro.com\/wp-content\/uploads\/2026\/06\/news18-9-800x400.webp 800w, https:\/\/www.zeqipro.com\/wp-content\/uploads\/2026\/06\/news18-9.webp 1080w\" sizes=\"(max-width: 1024px) 100vw, 1024px\" \/><\/figure>\n\n\n\n<p class=\"wp-block-paragraph\"><em>Imagen de 9to5Mac<\/em><\/p>\n\n\n\n<p class=\"wp-block-paragraph\">Cabe destacar que, para lograr un dise\u00f1o m\u00e1s fino y ligero, es posible que el iPhone Fold renuncie a Face ID y opte por el desbloqueo mediante Touch ID en el lateral.<\/p>\n\n\n\n<p class=\"wp-block-paragraph\">Consejo de compra: \u00bfmerece la pena esperar?    Por \u00faltimo, y lo que m\u00e1s os preocupa a todos: \u00bfcomprar ahora el iPhone 17 o esperar al iPhone 18?    Si tienes un iPhone 14 Pro o un modelo anterior, merece la pena esperar al iPhone 18 Pro. Con un chip de 2 nm, Face ID bajo la pantalla, una \u00abIsla Din\u00e1mica\u00bb m\u00e1s peque\u00f1a y una bater\u00eda de mayor capacidad, las mejoras de esta generaci\u00f3n son realmente notables.<\/p>\n\n\n\n<figure class=\"wp-block-image size-large\"><img loading=\"lazy\" decoding=\"async\" width=\"1024\" height=\"641\" src=\"https:\/\/www.zeqipro.com\/wp-content\/uploads\/2026\/06\/news18-10-1024x641.webp\" alt=\"\" class=\"wp-image-2879\" srcset=\"https:\/\/www.zeqipro.com\/wp-content\/uploads\/2026\/06\/news18-10-1024x641.webp 1024w, https:\/\/www.zeqipro.com\/wp-content\/uploads\/2026\/06\/news18-10-300x188.webp 300w, https:\/\/www.zeqipro.com\/wp-content\/uploads\/2026\/06\/news18-10-768x481.webp 768w, https:\/\/www.zeqipro.com\/wp-content\/uploads\/2026\/06\/news18-10-800x501.webp 800w, https:\/\/www.zeqipro.com\/wp-content\/uploads\/2026\/06\/news18-10.webp 1080w\" sizes=\"(max-width: 1024px) 100vw, 1024px\" \/><\/figure>\n\n\n\n<p class=\"wp-block-paragraph\"><em>Imagen obtenida de Internet<\/em><\/p>\n\n\n\n<p class=\"wp-block-paragraph\">Si eres usuario de un iPhone 17 Pro, aunque la mejora en el rendimiento es notable, en cuanto a la experiencia de uso real, es posible que las principales diferencias radiquen en el dise\u00f1o de la parte frontal y en una mejor cobertura de se\u00f1al; la decisi\u00f3n de actualizar depender\u00e1 de la importancia que le des a estos aspectos.<\/p>\n\n\n\n<p class=\"wp-block-paragraph\">A juzgar por las filtraciones actuales, 2026 ser\u00e1 un a\u00f1o importante para la gama de productos de Apple. No solo se renovar\u00e1n por completo los modelos insignia habituales, sino que la incorporaci\u00f3n de los tel\u00e9fonos plegables tambi\u00e9n revolucionar\u00e1 el mercado de gama alta. As\u00ed pues, surge la pregunta: \u00bfmejor optar por el iPhone 18 Pro, con un dise\u00f1o ya consolidado, o atreverse con el nuevo iPhone Fold?<\/p>","protected":false},"excerpt":{"rendered":"<p>\u8fd9\u6b21\uff0c\u82f9\u679c\u7ec8\u4e8e\u4e0d\u6324\u7259\u818f\u4e86\uff1f\u968f\u7740\u65f6\u95f4\u8fdb\u51652 [&hellip;]<\/p>\n","protected":false},"author":1,"featured_media":2877,"comment_status":"closed","ping_status":"closed","sticky":false,"template":"","format":"standard","meta":{"_uag_custom_page_level_css":"","site-sidebar-layout":"default","site-content-layout":"","ast-site-content-layout":"default","site-content-style":"default","site-sidebar-style":"default","ast-global-header-display":"","ast-banner-title-visibility":"","ast-main-header-display":"","ast-hfb-above-header-display":"","ast-hfb-below-header-display":"","ast-hfb-mobile-header-display":"","site-post-title":"","ast-breadcrumbs-content":"","ast-featured-img":"","footer-sml-layout":"","ast-disable-related-posts":"","theme-transparent-header-meta":"","adv-header-id-meta":"","stick-header-meta":"","header-above-stick-meta":"","header-main-stick-meta":"","header-below-stick-meta":"","astra-migrate-meta-layouts":"default","ast-page-background-enabled":"default","ast-page-background-meta":{"desktop":{"background-color":"var(--ast-global-color-5)","background-image":"","background-repeat":"repeat","background-position":"center center","background-size":"auto","background-attachment":"scroll","background-type":"","background-media":"","overlay-type":"","overlay-color":"","overlay-opacity":"","overlay-gradient":""},"tablet":{"background-color":"","background-image":"","background-repeat":"repeat","background-position":"center center","background-size":"auto","background-attachment":"scroll","background-type":"","background-media":"","overlay-type":"","overlay-color":"","overlay-opacity":"","overlay-gradient":""},"mobile":{"background-color":"","background-image":"","background-repeat":"repeat","background-position":"center center","background-size":"auto","background-attachment":"scroll","background-type":"","background-media":"","overlay-type":"","overlay-color":"","overlay-opacity":"","overlay-gradient":""}},"ast-content-background-meta":{"desktop":{"background-color":"var(--ast-global-color-4)","background-image":"","background-repeat":"repeat","background-position":"center center","background-size":"auto","background-attachment":"scroll","background-type":"","background-media":"","overlay-type":"","overlay-color":"","overlay-opacity":"","overlay-gradient":""},"tablet":{"background-color":"var(--ast-global-color-4)","background-image":"","background-repeat":"repeat","background-position":"center center","background-size":"auto","background-attachment":"scroll","background-type":"","background-media":"","overlay-type":"","overlay-color":"","overlay-opacity":"","overlay-gradient":""},"mobile":{"background-color":"var(--ast-global-color-4)","background-image":"","background-repeat":"repeat","background-position":"center center","background-size":"auto","background-attachment":"scroll","background-type":"","background-media":"","overlay-type":"","overlay-color":"","overlay-opacity":"","overlay-gradient":""}},"footnotes":""},"categories":[25],"tags":[],"class_list":["post-513","post","type-post","status-publish","format-standard","has-post-thumbnail","hentry","category-industry-news"],"spectra_custom_meta":{"_thumbnail_id":["2877"],"_yoast_wpseo_content_score":["90"],"_yoast_wpseo_estimated-reading-time-minutes":["2"],"_astra_sites_imported_post":["1"],"_astra_sites_enable_for_batch":["1"],"_edit_last":["1"],"_wp_page_template":["default"],"_uagb_previous_block_counts":["a:90:{s:21:\"uagb\/advanced-heading\";i:0;s:15:\"uagb\/blockquote\";i:0;s:12:\"uagb\/buttons\";i:0;s:18:\"uagb\/buttons-child\";i:0;s:19:\"uagb\/call-to-action\";i:0;s:15:\"uagb\/cf7-styler\";i:0;s:11:\"uagb\/column\";i:0;s:12:\"uagb\/columns\";i:0;s:14:\"uagb\/container\";i:0;s:21:\"uagb\/content-timeline\";i:0;s:27:\"uagb\/content-timeline-child\";i:0;s:14:\"uagb\/countdown\";i:0;s:12:\"uagb\/counter\";i:0;s:8:\"uagb\/faq\";i:0;s:14:\"uagb\/faq-child\";i:0;s:10:\"uagb\/forms\";i:0;s:17:\"uagb\/forms-accept\";i:0;s:19:\"uagb\/forms-checkbox\";i:0;s:15:\"uagb\/forms-date\";i:0;s:16:\"uagb\/forms-email\";i:0;s:17:\"uagb\/forms-hidden\";i:0;s:15:\"uagb\/forms-name\";i:0;s:16:\"uagb\/forms-phone\";i:0;s:16:\"uagb\/forms-radio\";i:0;s:17:\"uagb\/forms-select\";i:0;s:19:\"uagb\/forms-textarea\";i:0;s:17:\"uagb\/forms-toggle\";i:0;s:14:\"uagb\/forms-url\";i:0;s:14:\"uagb\/gf-styler\";i:0;s:15:\"uagb\/google-map\";i:0;s:11:\"uagb\/how-to\";i:0;s:16:\"uagb\/how-to-step\";i:0;s:9:\"uagb\/icon\";i:0;s:14:\"uagb\/icon-list\";i:0;s:20:\"uagb\/icon-list-child\";i:0;s:10:\"uagb\/image\";i:0;s:18:\"uagb\/image-gallery\";i:0;s:13:\"uagb\/info-box\";i:0;s:18:\"uagb\/inline-notice\";i:0;s:11:\"uagb\/lottie\";i:0;s:21:\"uagb\/marketing-button\";i:0;s:10:\"uagb\/modal\";i:0;s:18:\"uagb\/popup-builder\";i:0;s:16:\"uagb\/post-button\";i:0;s:18:\"uagb\/post-carousel\";i:0;s:17:\"uagb\/post-excerpt\";i:0;s:14:\"uagb\/post-grid\";i:0;s:15:\"uagb\/post-image\";i:0;s:17:\"uagb\/post-masonry\";i:0;s:14:\"uagb\/post-meta\";i:0;s:18:\"uagb\/post-taxonomy\";i:0;s:18:\"uagb\/post-timeline\";i:0;s:15:\"uagb\/post-title\";i:0;s:20:\"uagb\/restaurant-menu\";i:0;s:26:\"uagb\/restaurant-menu-child\";i:0;s:11:\"uagb\/review\";i:0;s:12:\"uagb\/section\";i:0;s:14:\"uagb\/separator\";i:0;s:11:\"uagb\/slider\";i:0;s:17:\"uagb\/slider-child\";i:0;s:17:\"uagb\/social-share\";i:0;s:23:\"uagb\/social-share-child\";i:0;s:16:\"uagb\/star-rating\";i:0;s:23:\"uagb\/sure-cart-checkout\";i:0;s:22:\"uagb\/sure-cart-product\";i:0;s:15:\"uagb\/sure-forms\";i:0;s:22:\"uagb\/table-of-contents\";i:0;s:9:\"uagb\/tabs\";i:0;s:15:\"uagb\/tabs-child\";i:0;s:18:\"uagb\/taxonomy-list\";i:0;s:9:\"uagb\/team\";i:0;s:16:\"uagb\/testimonial\";i:0;s:14:\"uagb\/wp-search\";i:0;s:19:\"uagb\/instagram-feed\";i:0;s:10:\"uagb\/login\";i:0;s:17:\"uagb\/loop-builder\";i:0;s:18:\"uagb\/loop-category\";i:0;s:20:\"uagb\/loop-pagination\";i:0;s:15:\"uagb\/loop-reset\";i:0;s:16:\"uagb\/loop-search\";i:0;s:14:\"uagb\/loop-sort\";i:0;s:17:\"uagb\/loop-wrapper\";i:0;s:13:\"uagb\/register\";i:0;s:19:\"uagb\/register-email\";i:0;s:24:\"uagb\/register-first-name\";i:0;s:23:\"uagb\/register-last-name\";i:0;s:22:\"uagb\/register-password\";i:0;s:30:\"uagb\/register-reenter-password\";i:0;s:19:\"uagb\/register-terms\";i:0;s:22:\"uagb\/register-username\";i:0;}"],"_edit_lock":["1780887610:1"],"_elementor_global_class_usage_indexed":["1"],"_wp_old_date":["2026-03-13"],"_uag_css_file_name":["uag-css-513.css"],"_uag_page_assets":["a:9:{s:3:\"css\";s:0:\"\";s:2:\"js\";s:0:\"\";s:18:\"current_block_list\";a:9:{i:0;s:14:\"core\/paragraph\";i:1;s:10:\"core\/image\";i:2;s:12:\"core\/heading\";i:3;s:11:\"core\/search\";i:4;s:10:\"core\/group\";i:5;s:17:\"core\/latest-posts\";i:6;s:20:\"core\/latest-comments\";i:7;s:13:\"core\/archives\";i:8;s:15:\"core\/categories\";}s:8:\"uag_flag\";b:0;s:11:\"uag_version\";s:10:\"1787995533\";s:6:\"gfonts\";a:0:{}s:10:\"gfonts_url\";s:0:\"\";s:12:\"gfonts_files\";a:0:{}s:14:\"uag_faq_layout\";b:0;}"],"_elementor_page_assets":["a:0:{}"]},"uagb_featured_image_src":{"full":["https:\/\/www.zeqipro.com\/wp-content\/uploads\/2026\/06\/news18-8.webp",700,394,false],"thumbnail":["https:\/\/www.zeqipro.com\/wp-content\/uploads\/2026\/06\/news18-8-150x150.webp",150,150,true],"medium":["https:\/\/www.zeqipro.com\/wp-content\/uploads\/2026\/06\/news18-8-300x169.webp",300,169,true],"medium_large":["https:\/\/www.zeqipro.com\/wp-content\/uploads\/2026\/06\/news18-8.webp",700,394,false],"large":["https:\/\/www.zeqipro.com\/wp-content\/uploads\/2026\/06\/news18-8.webp",700,394,false],"1536x1536":["https:\/\/www.zeqipro.com\/wp-content\/uploads\/2026\/06\/news18-8.webp",700,394,false],"2048x2048":["https:\/\/www.zeqipro.com\/wp-content\/uploads\/2026\/06\/news18-8.webp",700,394,false],"trp-custom-language-flag":["https:\/\/www.zeqipro.com\/wp-content\/uploads\/2026\/06\/news18-8.webp",18,10,false],"woocommerce_thumbnail":["https:\/\/www.zeqipro.com\/wp-content\/uploads\/2026\/06\/news18-8-600x394.webp",600,394,true],"woocommerce_single":["https:\/\/www.zeqipro.com\/wp-content\/uploads\/2026\/06\/news18-8.webp",700,394,false],"woocommerce_gallery_thumbnail":["https:\/\/www.zeqipro.com\/wp-content\/uploads\/2026\/06\/news18-8-100x100.webp",100,100,true]},"uagb_author_info":{"display_name":"contact@gwsz.com","author_link":"https:\/\/www.zeqipro.com\/es\/author\/contactgwsz-com\/"},"uagb_comment_info":0,"uagb_excerpt":"\u8fd9\u6b21\uff0c\u82f9\u679c\u7ec8\u4e8e\u4e0d\u6324\u7259\u818f\u4e86\uff1f\u968f\u7740\u65f6\u95f4\u8fdb\u51652 [&hellip;]","_links":{"self":[{"href":"https:\/\/www.zeqipro.com\/es\/wp-json\/wp\/v2\/posts\/513","targetHints":{"allow":["GET"]}}],"collection":[{"href":"https:\/\/www.zeqipro.com\/es\/wp-json\/wp\/v2\/posts"}],"about":[{"href":"https:\/\/www.zeqipro.com\/es\/wp-json\/wp\/v2\/types\/post"}],"author":[{"embeddable":true,"href":"https:\/\/www.zeqipro.com\/es\/wp-json\/wp\/v2\/users\/1"}],"replies":[{"embeddable":true,"href":"https:\/\/www.zeqipro.com\/es\/wp-json\/wp\/v2\/comments?post=513"}],"version-history":[{"count":2,"href":"https:\/\/www.zeqipro.com\/es\/wp-json\/wp\/v2\/posts\/513\/revisions"}],"predecessor-version":[{"id":2880,"href":"https:\/\/www.zeqipro.com\/es\/wp-json\/wp\/v2\/posts\/513\/revisions\/2880"}],"wp:featuredmedia":[{"embeddable":true,"href":"https:\/\/www.zeqipro.com\/es\/wp-json\/wp\/v2\/media\/2877"}],"wp:attachment":[{"href":"https:\/\/www.zeqipro.com\/es\/wp-json\/wp\/v2\/media?parent=513"}],"wp:term":[{"taxonomy":"category","embeddable":true,"href":"https:\/\/www.zeqipro.com\/es\/wp-json\/wp\/v2\/categories?post=513"},{"taxonomy":"post_tag","embeddable":true,"href":"https:\/\/www.zeqipro.com\/es\/wp-json\/wp\/v2\/tags?post=513"}],"curies":[{"name":"wp","href":"https:\/\/api.w.org\/{rel}","templated":true}]}}