{"id":513,"date":"2026-03-31T03:13:35","date_gmt":"2026-03-31T03:13:35","guid":{"rendered":"https:\/\/zeqipro.com\/our-favorite-summer-looks-light-breezy-bold\/"},"modified":"2026-06-08T03:00:10","modified_gmt":"2026-06-08T03:00:10","slug":"nos-looks-dete-preferes-legers-aeriens-audacieux","status":"publish","type":"post","link":"https:\/\/www.zeqipro.com\/fr\/our-favorite-summer-looks-light-breezy-bold\/","title":{"rendered":"L\u201c\u201d \u00celot dynamique \u00bb s'affine ! \u00c9quip\u00e9 d'une puce de 2 nm ! Les cinq principales am\u00e9liorations de l'iPhone 18 Pro : les \u00ab adeptes de l'attente \u00bb vont-ils enfin \u00eatre combl\u00e9s ?"},"content":{"rendered":"<p class=\"wp-block-paragraph\">Cette fois-ci, Apple va-t-il enfin sortir du placard ? Alors que nous entrons dans l'ann\u00e9e 2026, il reste certes encore quelques mois avant la conf\u00e9rence d'automne d'Apple, mais les fuites concernant la gamme iPhone 18 sont d\u00e9j\u00e0 omnipr\u00e9sentes.<\/p>\n\n\n\n<figure class=\"wp-block-image size-full\"><img fetchpriority=\"high\" decoding=\"async\" width=\"700\" height=\"350\" src=\"https:\/\/www.zeqipro.com\/wp-content\/uploads\/2026\/06\/news18-1.webp\" alt=\"\" class=\"wp-image-2869\" srcset=\"https:\/\/www.zeqipro.com\/wp-content\/uploads\/2026\/06\/news18-1.webp 700w, https:\/\/www.zeqipro.com\/wp-content\/uploads\/2026\/06\/news18-1-300x150.webp 300w\" sizes=\"(max-width: 700px) 100vw, 700px\" \/><\/figure>\n\n\n\n<p class=\"wp-block-paragraph\"><em>Image tir\u00e9e de 9to5Mac<\/em><\/p>\n\n\n\n<p class=\"wp-block-paragraph\">D'apr\u00e8s les informations provenant de la cha\u00eene d'approvisionnement, la gamme iPhone 18 Pro de cette ann\u00e9e pourrait bien \u00eatre la g\u00e9n\u00e9ration la plus attendue de ces cinq derni\u00e8res ann\u00e9es. Non seulement elle abandonne le \u201c gros bouton \u201d utilis\u00e9 depuis des ann\u00e9es, mais elle offrira \u00e9galement des performances, une qualit\u00e9 d'image et une autonomie optimis\u00e9es \u00e0 tous les niveaux. Apple aurait m\u00eame pr\u00e9vu une \u201c One More Thing \u201d : un mod\u00e8le \u00e0 \u00e9cran pliable.<\/p>\n\n\n\n<p class=\"wp-block-paragraph\">Si vous h\u00e9sitez encore entre acheter l'iPhone 17 ou attendre la prochaine g\u00e9n\u00e9ration, cet article devrait vous aider \u00e0 vous d\u00e9cider.<\/p>\n\n\n\n<p class=\"wp-block-paragraph\">Un changement radical d'apparence : l\u201c\u201d \u00celot dynamique \u00bb a enfin \u00ab maigri \u00bb, et le rapport \u00e9cran\/bo\u00eetier a grimp\u00e9 en fl\u00e8che<\/p>\n\n\n\n<p class=\"wp-block-paragraph\">Depuis l'introduction de l\u201c\u201d Island \u00bb sur la gamme iPhone 14 Pro, bien que cette fonctionnalit\u00e9 soit tr\u00e8s innovante sur le plan interactif, cette \u00ab grosse pilule \u00bb qui occupe le centre de l'\u00e9cran reste un v\u00e9ritable d\u00e9faut esth\u00e9tique.<\/p>\n\n\n\n<p class=\"wp-block-paragraph\">Cette fois-ci, l'iPhone 18 Pro s'appr\u00eate enfin \u00e0 revoir la conception de son \u201c Dynamic Island \u201d !    Selon les derni\u00e8res informations divulgu\u00e9es par la cha\u00eene d'approvisionnement, la largeur du \u201c Dynamic Island \u201d de la gamme iPhone 18 Pro passera de 20,76 mm pour la g\u00e9n\u00e9ration pr\u00e9c\u00e9dente \u00e0 13,49 mm, ce qui repr\u00e9sente une r\u00e9duction de 35% de sa surface totale. Cela signifie que cette \u00ab grosse pilule \u00bb un peu disgracieuse se transformera en une \u00ab petite capsule \u00bb \u00e9l\u00e9gante et compacte. Lors de l\u2019utilisation en mode paysage pour jouer \u00e0 des jeux ou regarder des films, l\u2019encombrement de l\u2019\u00e9cran sera r\u00e9duit de 41%, et le rapport \u00e9cran\/surface d\u00e9passera directement les 96%.<\/p>\n\n\n\n<figure class=\"wp-block-image size-full\"><img decoding=\"async\" width=\"640\" height=\"544\" src=\"https:\/\/www.zeqipro.com\/wp-content\/uploads\/2026\/06\/news18-2.webp\" alt=\"\" class=\"wp-image-2870\" srcset=\"https:\/\/www.zeqipro.com\/wp-content\/uploads\/2026\/06\/news18-2.webp 640w, https:\/\/www.zeqipro.com\/wp-content\/uploads\/2026\/06\/news18-2-300x255.webp 300w\" sizes=\"(max-width: 640px) 100vw, 640px\" \/><\/figure>\n\n\n\n<p class=\"wp-block-paragraph\"><em>Source de l'image : Toutiao Digital Bage<\/em><\/p>\n\n\n\n<p class=\"wp-block-paragraph\">La technologie cl\u00e9 \u00e0 l'origine de cette avanc\u00e9e est pr\u00e9cis\u00e9ment le \u201c Face ID sous l'\u00e9cran \u201d, tant attendu par les fans d'Apple depuis des ann\u00e9es. Apple a dissimul\u00e9 des composants tels que le capteur infrarouge sous l'\u00e9cran, ne conservant qu'une minuscule encoche au niveau de la cam\u00e9ra frontale. Il s'agit l\u00e0 de l'\u00e9tape la plus d\u00e9cisive franchie par Apple vers un v\u00e9ritable \u00e9cran int\u00e9gral.<\/p>\n\n\n\n<figure class=\"wp-block-image size-full\"><img decoding=\"async\" width=\"640\" height=\"677\" src=\"https:\/\/www.zeqipro.com\/wp-content\/uploads\/2026\/06\/news18-3.webp\" alt=\"\" class=\"wp-image-2871\" srcset=\"https:\/\/www.zeqipro.com\/wp-content\/uploads\/2026\/06\/news18-3.webp 640w, https:\/\/www.zeqipro.com\/wp-content\/uploads\/2026\/06\/news18-3-284x300.webp 284w\" sizes=\"(max-width: 640px) 100vw, 640px\" \/><\/figure>\n\n\n\n<p class=\"wp-block-paragraph\"><em>Source de l'image : compte WeChat \u00ab On ne peut pas \u00eatre na\u00eff \u00bb<\/em><\/p>\n\n\n\n<p class=\"wp-block-paragraph\">Analyse : Bien que la technologie des cam\u00e9ras sous l'\u00e9cran ne soit pas encore tout \u00e0 fait au point, la mise en \u0153uvre de Face ID sous l'\u00e9cran signifie que l'iPhone dit enfin adieu \u00e0 l'\u00e8re de la \u201c frange \u201d visuelle. Pour les utilisateurs en qu\u00eate d'une exp\u00e9rience visuelle optimale, c'est sans aucun doute la principale raison de changer de mod\u00e8le.<\/p>\n\n\n\n<h4 class=\"wp-block-heading\"><strong>Une explosion de performances : puce 2 nm + modem d\u00e9velopp\u00e9 en interne, le signal va-t-il enfin s'am\u00e9liorer ?<\/strong><\/h4>\n\n\n\n<p class=\"wp-block-paragraph\">La mise \u00e0 niveau essentielle de chaque g\u00e9n\u00e9ration d\u2019iPhone r\u00e9side toujours dans la puce, mais cette fois-ci, l\u2019iPhone 18 Pro va un peu trop loin. Il sera \u00e9quip\u00e9 de la puce A20 Pro, fabriqu\u00e9e selon le tout dernier proc\u00e9d\u00e9 de fabrication 2 nm de TSMC. Par rapport au proc\u00e9d\u00e9 3 nm de la g\u00e9n\u00e9ration pr\u00e9c\u00e9dente, le 2 nm devrait offrir une am\u00e9lioration des performances d\u2019environ 15%, tout en r\u00e9duisant la consommation d\u2019\u00e9nergie jusqu\u2019\u00e0 30%. Pour les passionn\u00e9s de jeux vid\u00e9o et les cr\u00e9ateurs de contenu vid\u00e9o, cela se traduira par une fluidit\u00e9 encore plus pouss\u00e9e et une autonomie prolong\u00e9e.<\/p>\n\n\n\n<figure class=\"wp-block-image size-full\"><img loading=\"lazy\" decoding=\"async\" width=\"750\" height=\"499\" src=\"https:\/\/www.zeqipro.com\/wp-content\/uploads\/2026\/06\/news18-4.webp\" alt=\"\" class=\"wp-image-2873\" srcset=\"https:\/\/www.zeqipro.com\/wp-content\/uploads\/2026\/06\/news18-4.webp 750w, https:\/\/www.zeqipro.com\/wp-content\/uploads\/2026\/06\/news18-4-300x200.webp 300w\" sizes=\"(max-width: 750px) 100vw, 750px\" \/><\/figure>\n\n\n\n<p class=\"wp-block-paragraph\"><em>\u00a0Image tir\u00e9e d'Internet<\/em><\/p>\n\n\n\n<p class=\"wp-block-paragraph\">Plus r\u00e9jouissant encore, la puce de bande de base C2 d\u00e9velopp\u00e9e en interne par Apple est enfin sur le point d'\u00eatre d\u00e9ploy\u00e9e \u00e0 grande \u00e9chelle. Avec la gamme iPhone 18 Pro, Apple pourrait bien se lib\u00e9rer d\u00e9finitivement de sa d\u00e9pendance vis-\u00e0-vis de Qualcomm. Si ces informations s'av\u00e8rent exactes, le probl\u00e8me de la \u201c mauvaise r\u00e9ception de l'iPhone \u201d, critiqu\u00e9 depuis des ann\u00e9es, devrait conna\u00eetre une am\u00e9lioration radicale.<\/p>\n\n\n\n<figure class=\"wp-block-image size-full\"><img loading=\"lazy\" decoding=\"async\" width=\"600\" height=\"632\" src=\"https:\/\/www.zeqipro.com\/wp-content\/uploads\/2026\/06\/news18-5.webp\" alt=\"\" class=\"wp-image-2874\" srcset=\"https:\/\/www.zeqipro.com\/wp-content\/uploads\/2026\/06\/news18-5.webp 600w, https:\/\/www.zeqipro.com\/wp-content\/uploads\/2026\/06\/news18-5-285x300.webp 285w\" sizes=\"(max-width: 600px) 100vw, 600px\" \/><\/figure>\n\n\n\n<p class=\"wp-block-paragraph\"><em>Sch\u00e9mas techniques de la gamme iPhone 18 Pro et de l'iPhone Fold circulant sur Internet<\/em><\/p>\n\n\n\n<p class=\"wp-block-paragraph\">Analyse : Les puces de 2 nm n'apportent pas seulement une am\u00e9lioration des scores de performances, mais aussi un bond en avant en mati\u00e8re de puissance de calcul pour l'IA ; quant \u00e0 l'int\u00e9gration d'un modulateur-d\u00e9modulateur d\u00e9velopp\u00e9 en interne, il s'agit d'une \u00e9tape importante pour Apple afin de combler l'une de ses principales lacunes.<\/p>\n\n\n\n<h4 class=\"wp-block-heading\"><strong>Une r\u00e9volution dans l'imagerie : l'ouverture variable fait son apparition, pour des photos encore plus professionnelles<\/strong><\/h4>\n\n\n\n<p class=\"wp-block-paragraph\">Bien que les capacit\u00e9s vid\u00e9o de l'iPhone aient toujours fait figure de r\u00e9f\u00e9rence dans le secteur, en mati\u00e8re de photographie, face aux \u201c capteurs de grande taille \u201d et aux \u201c ouvertures variables \u201d des mod\u00e8les phares Android, Apple semble \u00eatre rest\u00e9 quelque peu conservateur.<strong><br><\/strong>Mais tout cela va changer avec l'iPhone 18 Pro.    Selon certaines fuites, la gamme iPhone 18 Pro int\u00e9grera pour la premi\u00e8re fois la technologie d'ouverture variable. Gr\u00e2ce \u00e0 un m\u00e9canisme permettant de contr\u00f4ler la quantit\u00e9 de lumi\u00e8re entrant dans l'objectif, les utilisateurs pourront obtenir un effet de flou d'arri\u00e8re-plan plus naturel, notamment en mode portrait et lors des prises de vue de nuit, o\u00f9 l'am\u00e9lioration sera particuli\u00e8rement notable.<\/p>\n\n\n\n<figure class=\"wp-block-image size-large\"><img loading=\"lazy\" decoding=\"async\" width=\"1024\" height=\"766\" src=\"https:\/\/www.zeqipro.com\/wp-content\/uploads\/2026\/06\/news18-6-1024x766.webp\" alt=\"\" class=\"wp-image-2875\" srcset=\"https:\/\/www.zeqipro.com\/wp-content\/uploads\/2026\/06\/news18-6-1024x766.webp 1024w, https:\/\/www.zeqipro.com\/wp-content\/uploads\/2026\/06\/news18-6-300x224.webp 300w, https:\/\/www.zeqipro.com\/wp-content\/uploads\/2026\/06\/news18-6-768x575.webp 768w, https:\/\/www.zeqipro.com\/wp-content\/uploads\/2026\/06\/news18-6-800x599.webp 800w, https:\/\/www.zeqipro.com\/wp-content\/uploads\/2026\/06\/news18-6.webp 1080w\" sizes=\"(max-width: 1024px) 100vw, 1024px\" \/><\/figure>\n\n\n\n<p class=\"wp-block-paragraph\">\u00a0<em>Image tir\u00e9e d'Internet<\/em><\/p>\n\n\n\n<p class=\"wp-block-paragraph\">Toutefois, la structure m\u00e9canique de l'ouverture variable \u00e9tant relativement encombrante, cette fonctionnalit\u00e9 haut de gamme sera tr\u00e8s probablement l'apanage exclusif de l'iPhone 18 Pro Max. Par ailleurs, bien que la r\u00e9solution de l'appareil photo principal reste fix\u00e9e \u00e0 48 millions de pixels, la taille du capteur sera encore augment\u00e9e, ce qui permettra d'accro\u00eetre la quantit\u00e9 de lumi\u00e8re capt\u00e9e de 40%. Associ\u00e9e \u00e0 de tout nouveaux algorithmes d'imagerie, la qualit\u00e9 des photos fixes franchira une nouvelle \u00e9tape.<br>Analyse : Apple commence enfin \u00e0 combler ses lacunes en mati\u00e8re de mat\u00e9riel physique, au-del\u00e0 de la \u201c photographie computationnelle \u201d. Si vous \u00eates passionn\u00e9 de photographie, la version Pro Max pourrait cette fois-ci m\u00e9riter davantage votre attention.<\/p>\n\n\n\n<h4 class=\"wp-block-heading\">Autonomie et recharge : finie l'angoisse de devoir recharger son appareil tous les jours<\/h4>\n\n\n\n<p class=\"wp-block-paragraph\">L'autonomie a toujours \u00e9t\u00e9 un sujet sensible pour les utilisateurs d'iPhone. Bien que l'autonomie de l'iPhone 17 Pro Max soit d\u00e9j\u00e0 excellente, la gamme iPhone 18 Pro propose cette fois-ci une v\u00e9ritable \u201c bombe \u201d.<strong>\u00a0 \u00a0 La capacit\u00e9 de la batterie de l'iPhone 18 Pro Max d\u00e9passera pour la premi\u00e8re fois la barre des 5 000 mAh, pour atteindre environ 5 000 mAh. La version Pro sera \u00e9galement \u00e9quip\u00e9e d'une batterie \u00e0 bo\u00eetier en acier d'une capacit\u00e9 d'environ 4 500 mAh, qui offre non seulement une grande capacit\u00e9, mais aussi une s\u00e9curit\u00e9 accrue.<\/strong><\/p>\n\n\n\n<figure class=\"wp-block-image size-full\"><img loading=\"lazy\" decoding=\"async\" width=\"750\" height=\"421\" src=\"https:\/\/www.zeqipro.com\/wp-content\/uploads\/2026\/06\/news18-7.webp\" alt=\"\" class=\"wp-image-2876\" srcset=\"https:\/\/www.zeqipro.com\/wp-content\/uploads\/2026\/06\/news18-7.webp 750w, https:\/\/www.zeqipro.com\/wp-content\/uploads\/2026\/06\/news18-7-300x168.webp 300w\" sizes=\"(max-width: 750px) 100vw, 750px\" \/><\/figure>\n\n\n\n<p class=\"wp-block-paragraph\"><em>Image tir\u00e9e d'Internet<\/em><\/p>\n\n\n\n<p class=\"wp-block-paragraph\">La vitesse de recharge n'est enfin plus limit\u00e9e \u00e0 la \u201c vieille \u201d puissance de 20 W. Selon certaines rumeurs, la gamme iPhone 18 prendrait en charge une recharge rapide filaire de 50 W et une recharge rapide sans fil de 30 W, permettant d'atteindre 80% de charge en seulement 30 minutes.\u00a0 \u00a0 Analyse : Gr\u00e2ce \u00e0 une batterie plus puissante, \u00e0 la faible consommation de la puce 2 nm et \u00e0 une vitesse de recharge rapide enfin am\u00e9lior\u00e9e, les utilisateurs de l\u2019iPhone 18 Pro pourraient bien ne plus avoir \u00e0 s\u2019inqui\u00e9ter de l\u2019autonomie de leur appareil.<\/p>\n\n\n\n<p class=\"wp-block-paragraph\">Le clou du spectacle : l'iPhone \u00e0 \u00e9cran pliable serait-il enfin sur le point d'arriver ?    Outre la gamme habituelle d'iPhone 18 Pro, l'autre grande attraction de cet automne est la toute nouvelle cat\u00e9gorie de produits d'Apple : l'iPhone Fold.\u00a0<\/p>\n\n\n\n<figure class=\"wp-block-image size-full\"><img loading=\"lazy\" decoding=\"async\" width=\"700\" height=\"394\" src=\"https:\/\/www.zeqipro.com\/wp-content\/uploads\/2026\/06\/news18-8.webp\" alt=\"\" class=\"wp-image-2877\" srcset=\"https:\/\/www.zeqipro.com\/wp-content\/uploads\/2026\/06\/news18-8.webp 700w, https:\/\/www.zeqipro.com\/wp-content\/uploads\/2026\/06\/news18-8-300x169.webp 300w\" sizes=\"(max-width: 700px) 100vw, 700px\" \/><\/figure>\n\n\n\n<p class=\"wp-block-paragraph\"><em>Image tir\u00e9e d'Internet<\/em><\/p>\n\n\n\n<p class=\"wp-block-paragraph\">Ce smartphone \u00e0 \u00e9cran pliable devrait adopter un design de type \u00ab livre \u00bb, avec un \u00e9cran interne de 7,8 pouces et un \u00e9cran externe de 5,3 pouces ; son \u00e9paisseur une fois d\u00e9pli\u00e9 devrait \u00eatre inf\u00e9rieure \u00e0 4,8 mm. Il sera \u00e9galement \u00e9quip\u00e9 de la puce A20 Pro et d'une charni\u00e8re en alliage de titane, dans le but de r\u00e9soudre le probl\u00e8me des marques de pliure.<\/p>\n\n\n\n<figure class=\"wp-block-image size-large\"><img loading=\"lazy\" decoding=\"async\" width=\"1024\" height=\"512\" src=\"https:\/\/www.zeqipro.com\/wp-content\/uploads\/2026\/06\/news18-9-1024x512.webp\" alt=\"\" class=\"wp-image-2878\" srcset=\"https:\/\/www.zeqipro.com\/wp-content\/uploads\/2026\/06\/news18-9-1024x512.webp 1024w, https:\/\/www.zeqipro.com\/wp-content\/uploads\/2026\/06\/news18-9-300x150.webp 300w, https:\/\/www.zeqipro.com\/wp-content\/uploads\/2026\/06\/news18-9-768x384.webp 768w, https:\/\/www.zeqipro.com\/wp-content\/uploads\/2026\/06\/news18-9-800x400.webp 800w, https:\/\/www.zeqipro.com\/wp-content\/uploads\/2026\/06\/news18-9.webp 1080w\" sizes=\"(max-width: 1024px) 100vw, 1024px\" \/><\/figure>\n\n\n\n<p class=\"wp-block-paragraph\"><em>Image tir\u00e9e de 9to5Mac<\/em><\/p>\n\n\n\n<p class=\"wp-block-paragraph\">Il convient de noter que, pour gagner en finesse, l'iPhone Fold pourrait renoncer \u00e0 Face ID au profit d'un d\u00e9verrouillage par Touch ID sur le c\u00f4t\u00e9.<\/p>\n\n\n\n<p class=\"wp-block-paragraph\">Conseil d'achat : faut-il attendre ?    Enfin, la question qui int\u00e9resse le plus tout le monde : vaut-il mieux acheter l'iPhone 17 d\u00e8s maintenant ou attendre l'iPhone 18 ?    Si vous poss\u00e9dez un iPhone 14 Pro ou un mod\u00e8le ant\u00e9rieur, l'iPhone 18 Pro vaut la peine d'\u00eatre attendu. Avec sa puce 2 nm, le Face ID sous l'\u00e9cran, un \u00ab Dynamic Island \u00bb plus compact et une batterie plus puissante, cette g\u00e9n\u00e9ration pr\u00e9sente des am\u00e9liorations vraiment consid\u00e9rables.<\/p>\n\n\n\n<figure class=\"wp-block-image size-large\"><img loading=\"lazy\" decoding=\"async\" width=\"1024\" height=\"641\" src=\"https:\/\/www.zeqipro.com\/wp-content\/uploads\/2026\/06\/news18-10-1024x641.webp\" alt=\"\" class=\"wp-image-2879\" srcset=\"https:\/\/www.zeqipro.com\/wp-content\/uploads\/2026\/06\/news18-10-1024x641.webp 1024w, https:\/\/www.zeqipro.com\/wp-content\/uploads\/2026\/06\/news18-10-300x188.webp 300w, https:\/\/www.zeqipro.com\/wp-content\/uploads\/2026\/06\/news18-10-768x481.webp 768w, https:\/\/www.zeqipro.com\/wp-content\/uploads\/2026\/06\/news18-10-800x501.webp 800w, https:\/\/www.zeqipro.com\/wp-content\/uploads\/2026\/06\/news18-10.webp 1080w\" sizes=\"(max-width: 1024px) 100vw, 1024px\" \/><\/figure>\n\n\n\n<p class=\"wp-block-paragraph\"><em>Image tir\u00e9e d'Internet<\/em><\/p>\n\n\n\n<p class=\"wp-block-paragraph\">Si vous poss\u00e9dez un iPhone 17 Pro, bien que les performances aient \u00e9t\u00e9 nettement am\u00e9lior\u00e9es, la diff\u00e9rence la plus notable en termes d'exp\u00e9rience d'utilisation r\u00e9side sans doute dans l'esth\u00e9tique de la face avant et la meilleure r\u00e9ception du signal. La d\u00e9cision de passer au nouveau mod\u00e8le d\u00e9pendra donc de l'importance que vous accordez \u00e0 ces aspects.<\/p>\n\n\n\n<p class=\"wp-block-paragraph\">D'apr\u00e8s les fuites actuelles, 2026 s'annonce comme une ann\u00e9e charni\u00e8re pour la gamme de produits Apple. Non seulement les mod\u00e8les phares classiques b\u00e9n\u00e9ficieront d'une refonte majeure, mais l'arriv\u00e9e des \u00e9crans pliables va \u00e9galement bouleverser le march\u00e9 haut de gamme. La question se pose donc : faut-il opter pour l'iPhone 18 Pro, dont la conception est d\u00e9sormais aboutie, ou tenter l'exp\u00e9rience du tout nouvel iPhone Fold ?<\/p>","protected":false},"excerpt":{"rendered":"<p>\u8fd9\u6b21\uff0c\u82f9\u679c\u7ec8\u4e8e\u4e0d\u6324\u7259\u818f\u4e86\uff1f\u968f\u7740\u65f6\u95f4\u8fdb\u51652 [&hellip;]<\/p>\n","protected":false},"author":1,"featured_media":2877,"comment_status":"closed","ping_status":"closed","sticky":false,"template":"","format":"standard","meta":{"_uag_custom_page_level_css":"","site-sidebar-layout":"default","site-content-layout":"","ast-site-content-layout":"default","site-content-style":"default","site-sidebar-style":"default","ast-global-header-display":"","ast-banner-title-visibility":"","ast-main-header-display":"","ast-hfb-above-header-display":"","ast-hfb-below-header-display":"","ast-hfb-mobile-header-display":"","site-post-title":"","ast-breadcrumbs-content":"","ast-featured-img":"","footer-sml-layout":"","ast-disable-related-posts":"","theme-transparent-header-meta":"","adv-header-id-meta":"","stick-header-meta":"","header-above-stick-meta":"","header-main-stick-meta":"","header-below-stick-meta":"","astra-migrate-meta-layouts":"default","ast-page-background-enabled":"default","ast-page-background-meta":{"desktop":{"background-color":"var(--ast-global-color-5)","background-image":"","background-repeat":"repeat","background-position":"center center","background-size":"auto","background-attachment":"scroll","background-type":"","background-media":"","overlay-type":"","overlay-color":"","overlay-opacity":"","overlay-gradient":""},"tablet":{"background-color":"","background-image":"","background-repeat":"repeat","background-position":"center center","background-size":"auto","background-attachment":"scroll","background-type":"","background-media":"","overlay-type":"","overlay-color":"","overlay-opacity":"","overlay-gradient":""},"mobile":{"background-color":"","background-image":"","background-repeat":"repeat","background-position":"center center","background-size":"auto","background-attachment":"scroll","background-type":"","background-media":"","overlay-type":"","overlay-color":"","overlay-opacity":"","overlay-gradient":""}},"ast-content-background-meta":{"desktop":{"background-color":"var(--ast-global-color-4)","background-image":"","background-repeat":"repeat","background-position":"center center","background-size":"auto","background-attachment":"scroll","background-type":"","background-media":"","overlay-type":"","overlay-color":"","overlay-opacity":"","overlay-gradient":""},"tablet":{"background-color":"var(--ast-global-color-4)","background-image":"","background-repeat":"repeat","background-position":"center center","background-size":"auto","background-attachment":"scroll","background-type":"","background-media":"","overlay-type":"","overlay-color":"","overlay-opacity":"","overlay-gradient":""},"mobile":{"background-color":"var(--ast-global-color-4)","background-image":"","background-repeat":"repeat","background-position":"center center","background-size":"auto","background-attachment":"scroll","background-type":"","background-media":"","overlay-type":"","overlay-color":"","overlay-opacity":"","overlay-gradient":""}},"footnotes":""},"categories":[25],"tags":[],"class_list":["post-513","post","type-post","status-publish","format-standard","has-post-thumbnail","hentry","category-industry-news"],"spectra_custom_meta":{"_thumbnail_id":["2877"],"_yoast_wpseo_content_score":["90"],"_yoast_wpseo_estimated-reading-time-minutes":["2"],"_astra_sites_imported_post":["1"],"_astra_sites_enable_for_batch":["1"],"_edit_last":["1"],"_wp_page_template":["default"],"_uagb_previous_block_counts":["a:90:{s:21:\"uagb\/advanced-heading\";i:0;s:15:\"uagb\/blockquote\";i:0;s:12:\"uagb\/buttons\";i:0;s:18:\"uagb\/buttons-child\";i:0;s:19:\"uagb\/call-to-action\";i:0;s:15:\"uagb\/cf7-styler\";i:0;s:11:\"uagb\/column\";i:0;s:12:\"uagb\/columns\";i:0;s:14:\"uagb\/container\";i:0;s:21:\"uagb\/content-timeline\";i:0;s:27:\"uagb\/content-timeline-child\";i:0;s:14:\"uagb\/countdown\";i:0;s:12:\"uagb\/counter\";i:0;s:8:\"uagb\/faq\";i:0;s:14:\"uagb\/faq-child\";i:0;s:10:\"uagb\/forms\";i:0;s:17:\"uagb\/forms-accept\";i:0;s:19:\"uagb\/forms-checkbox\";i:0;s:15:\"uagb\/forms-date\";i:0;s:16:\"uagb\/forms-email\";i:0;s:17:\"uagb\/forms-hidden\";i:0;s:15:\"uagb\/forms-name\";i:0;s:16:\"uagb\/forms-phone\";i:0;s:16:\"uagb\/forms-radio\";i:0;s:17:\"uagb\/forms-select\";i:0;s:19:\"uagb\/forms-textarea\";i:0;s:17:\"uagb\/forms-toggle\";i:0;s:14:\"uagb\/forms-url\";i:0;s:14:\"uagb\/gf-styler\";i:0;s:15:\"uagb\/google-map\";i:0;s:11:\"uagb\/how-to\";i:0;s:16:\"uagb\/how-to-step\";i:0;s:9:\"uagb\/icon\";i:0;s:14:\"uagb\/icon-list\";i:0;s:20:\"uagb\/icon-list-child\";i:0;s:10:\"uagb\/image\";i:0;s:18:\"uagb\/image-gallery\";i:0;s:13:\"uagb\/info-box\";i:0;s:18:\"uagb\/inline-notice\";i:0;s:11:\"uagb\/lottie\";i:0;s:21:\"uagb\/marketing-button\";i:0;s:10:\"uagb\/modal\";i:0;s:18:\"uagb\/popup-builder\";i:0;s:16:\"uagb\/post-button\";i:0;s:18:\"uagb\/post-carousel\";i:0;s:17:\"uagb\/post-excerpt\";i:0;s:14:\"uagb\/post-grid\";i:0;s:15:\"uagb\/post-image\";i:0;s:17:\"uagb\/post-masonry\";i:0;s:14:\"uagb\/post-meta\";i:0;s:18:\"uagb\/post-taxonomy\";i:0;s:18:\"uagb\/post-timeline\";i:0;s:15:\"uagb\/post-title\";i:0;s:20:\"uagb\/restaurant-menu\";i:0;s:26:\"uagb\/restaurant-menu-child\";i:0;s:11:\"uagb\/review\";i:0;s:12:\"uagb\/section\";i:0;s:14:\"uagb\/separator\";i:0;s:11:\"uagb\/slider\";i:0;s:17:\"uagb\/slider-child\";i:0;s:17:\"uagb\/social-share\";i:0;s:23:\"uagb\/social-share-child\";i:0;s:16:\"uagb\/star-rating\";i:0;s:23:\"uagb\/sure-cart-checkout\";i:0;s:22:\"uagb\/sure-cart-product\";i:0;s:15:\"uagb\/sure-forms\";i:0;s:22:\"uagb\/table-of-contents\";i:0;s:9:\"uagb\/tabs\";i:0;s:15:\"uagb\/tabs-child\";i:0;s:18:\"uagb\/taxonomy-list\";i:0;s:9:\"uagb\/team\";i:0;s:16:\"uagb\/testimonial\";i:0;s:14:\"uagb\/wp-search\";i:0;s:19:\"uagb\/instagram-feed\";i:0;s:10:\"uagb\/login\";i:0;s:17:\"uagb\/loop-builder\";i:0;s:18:\"uagb\/loop-category\";i:0;s:20:\"uagb\/loop-pagination\";i:0;s:15:\"uagb\/loop-reset\";i:0;s:16:\"uagb\/loop-search\";i:0;s:14:\"uagb\/loop-sort\";i:0;s:17:\"uagb\/loop-wrapper\";i:0;s:13:\"uagb\/register\";i:0;s:19:\"uagb\/register-email\";i:0;s:24:\"uagb\/register-first-name\";i:0;s:23:\"uagb\/register-last-name\";i:0;s:22:\"uagb\/register-password\";i:0;s:30:\"uagb\/register-reenter-password\";i:0;s:19:\"uagb\/register-terms\";i:0;s:22:\"uagb\/register-username\";i:0;}"],"_edit_lock":["1780887610:1"],"_elementor_global_class_usage_indexed":["1"],"_wp_old_date":["2026-03-13"],"_uag_css_file_name":["uag-css-513.css"],"_uag_page_assets":["a:9:{s:3:\"css\";s:0:\"\";s:2:\"js\";s:0:\"\";s:18:\"current_block_list\";a:9:{i:0;s:14:\"core\/paragraph\";i:1;s:10:\"core\/image\";i:2;s:12:\"core\/heading\";i:3;s:11:\"core\/search\";i:4;s:10:\"core\/group\";i:5;s:17:\"core\/latest-posts\";i:6;s:20:\"core\/latest-comments\";i:7;s:13:\"core\/archives\";i:8;s:15:\"core\/categories\";}s:8:\"uag_flag\";b:0;s:11:\"uag_version\";s:10:\"1787995533\";s:6:\"gfonts\";a:0:{}s:10:\"gfonts_url\";s:0:\"\";s:12:\"gfonts_files\";a:0:{}s:14:\"uag_faq_layout\";b:0;}"],"_elementor_page_assets":["a:0:{}"]},"uagb_featured_image_src":{"full":["https:\/\/www.zeqipro.com\/wp-content\/uploads\/2026\/06\/news18-8.webp",700,394,false],"thumbnail":["https:\/\/www.zeqipro.com\/wp-content\/uploads\/2026\/06\/news18-8-150x150.webp",150,150,true],"medium":["https:\/\/www.zeqipro.com\/wp-content\/uploads\/2026\/06\/news18-8-300x169.webp",300,169,true],"medium_large":["https:\/\/www.zeqipro.com\/wp-content\/uploads\/2026\/06\/news18-8.webp",700,394,false],"large":["https:\/\/www.zeqipro.com\/wp-content\/uploads\/2026\/06\/news18-8.webp",700,394,false],"1536x1536":["https:\/\/www.zeqipro.com\/wp-content\/uploads\/2026\/06\/news18-8.webp",700,394,false],"2048x2048":["https:\/\/www.zeqipro.com\/wp-content\/uploads\/2026\/06\/news18-8.webp",700,394,false],"trp-custom-language-flag":["https:\/\/www.zeqipro.com\/wp-content\/uploads\/2026\/06\/news18-8.webp",18,10,false],"woocommerce_thumbnail":["https:\/\/www.zeqipro.com\/wp-content\/uploads\/2026\/06\/news18-8-600x394.webp",600,394,true],"woocommerce_single":["https:\/\/www.zeqipro.com\/wp-content\/uploads\/2026\/06\/news18-8.webp",700,394,false],"woocommerce_gallery_thumbnail":["https:\/\/www.zeqipro.com\/wp-content\/uploads\/2026\/06\/news18-8-100x100.webp",100,100,true]},"uagb_author_info":{"display_name":"contact@gwsz.com","author_link":"https:\/\/www.zeqipro.com\/fr\/author\/contactgwsz-com\/"},"uagb_comment_info":0,"uagb_excerpt":"\u8fd9\u6b21\uff0c\u82f9\u679c\u7ec8\u4e8e\u4e0d\u6324\u7259\u818f\u4e86\uff1f\u968f\u7740\u65f6\u95f4\u8fdb\u51652 [&hellip;]","_links":{"self":[{"href":"https:\/\/www.zeqipro.com\/fr\/wp-json\/wp\/v2\/posts\/513","targetHints":{"allow":["GET"]}}],"collection":[{"href":"https:\/\/www.zeqipro.com\/fr\/wp-json\/wp\/v2\/posts"}],"about":[{"href":"https:\/\/www.zeqipro.com\/fr\/wp-json\/wp\/v2\/types\/post"}],"author":[{"embeddable":true,"href":"https:\/\/www.zeqipro.com\/fr\/wp-json\/wp\/v2\/users\/1"}],"replies":[{"embeddable":true,"href":"https:\/\/www.zeqipro.com\/fr\/wp-json\/wp\/v2\/comments?post=513"}],"version-history":[{"count":2,"href":"https:\/\/www.zeqipro.com\/fr\/wp-json\/wp\/v2\/posts\/513\/revisions"}],"predecessor-version":[{"id":2880,"href":"https:\/\/www.zeqipro.com\/fr\/wp-json\/wp\/v2\/posts\/513\/revisions\/2880"}],"wp:featuredmedia":[{"embeddable":true,"href":"https:\/\/www.zeqipro.com\/fr\/wp-json\/wp\/v2\/media\/2877"}],"wp:attachment":[{"href":"https:\/\/www.zeqipro.com\/fr\/wp-json\/wp\/v2\/media?parent=513"}],"wp:term":[{"taxonomy":"category","embeddable":true,"href":"https:\/\/www.zeqipro.com\/fr\/wp-json\/wp\/v2\/categories?post=513"},{"taxonomy":"post_tag","embeddable":true,"href":"https:\/\/www.zeqipro.com\/fr\/wp-json\/wp\/v2\/tags?post=513"}],"curies":[{"name":"wp","href":"https:\/\/api.w.org\/{rel}","templated":true}]}}